{"id":316,"date":"2010-09-14T23:23:04","date_gmt":"2010-09-14T21:23:04","guid":{"rendered":"http:\/\/texasbar.crespel.me\/?p=316"},"modified":"2010-09-14T23:23:04","modified_gmt":"2010-09-14T21:23:04","slug":"jour-13-30-juillet-2010-pas-detape","status":"publish","type":"post","link":"https:\/\/blogs.crespel.me\/texasbar\/2010\/09\/jour-13-30-juillet-2010-pas-detape\/","title":{"rendered":"Jour 13 &#8211; 30 juillet 2010 &#8211; Pas d&rsquo;\u00e9tape"},"content":{"rendered":"<p>Apr\u00e8s la superbe journ\u00e9e qui vient de se terminer, la m\u00e9t\u00e9o change compl\u00e8tement avec une bruine humide tenace et un vent persistant. Les tours de garde se succ\u00e8dent pendant la \u00ab\u00a0nuit\u00a0\u00bb, et m\u00eame bien au-del\u00e0 du temps habituellement imparti, puisque nous nous r\u00e9veillons vers 14h30 ! Nous avons dormi pr\u00e8s de 18h&#8230;<\/p>\n<p>De toute fa\u00e7on impossible de repartir tant que le vent n&rsquo;est pas tomb\u00e9 : il vient du sud, direction que nous devons prendre. Il nous emp\u00eacherait d&rsquo;avancer. Le reste de la journ\u00e9e se passe donc entre tours de garde, lecture et petites collations dans la tente mess.<\/p>\n<p>Le \u00ab\u00a0soir\u00a0\u00bb venu les polonais viennent nous inviter \u00e0 passer un moment avec eux. Une fois de plus nous profitons de leur hospitalit\u00e9 : th\u00e9, caf\u00e9, gateaux&#8230; et petits verres d&rsquo;une liqueur fruit\u00e9e tr\u00e8s agr\u00e9able. Les verres se vident et se remplissent au rythme des \u00ab\u00a0Na zdrowie\u00a0\u00bb (\u00ab\u00a0sant\u00e9 !\u00a0\u00bb en polonais). Nous discutons pendant un bon moment et passons ainsi une tr\u00e8s bonne soir\u00e9e.<\/p>\n<p>Il est pr\u00e8s de 4h du matin quand nous regagnons nos tentes respectives, joyeux mais encore en forme&#8230; sauf Olivier qui a s\u00e9rieusement abus\u00e9 de la liqueur de nos h\u00f4tes, et doit \u00eatre escort\u00e9 jusqu&rsquo;\u00e0 son duvet par Jean-Christophe et Jean-Pierre !<\/p>\n<p>(pas de photos de cette journ\u00e9e)<\/p>\n","protected":false},"excerpt":{"rendered":"<p>Apr\u00e8s la superbe journ\u00e9e qui vient de se terminer, la m\u00e9t\u00e9o change compl\u00e8tement avec une bruine humide tenace et un vent persistant. Les tours de garde se succ\u00e8dent pendant la \u00ab\u00a0nuit\u00a0\u00bb, et m\u00eame bien au-del\u00e0 du temps habituellement imparti, puisque &hellip; <a href=\"https:\/\/blogs.crespel.me\/texasbar\/2010\/09\/jour-13-30-juillet-2010-pas-detape\/\">Continuer la lecture <span class=\"meta-nav\">&rarr;<\/span><\/a><\/p>\n","protected":false},"author":3,"featured_media":0,"comment_status":"open","ping_status":"open","sticky":false,"template":"","format":"standard","meta":{"footnotes":""},"categories":[1],"tags":[],"class_list":["post-316","post","type-post","status-publish","format-standard","hentry","category-non-classe"],"_links":{"self":[{"href":"https:\/\/blogs.crespel.me\/texasbar\/wp-json\/wp\/v2\/posts\/316","targetHints":{"allow":["GET"]}}],"collection":[{"href":"https:\/\/blogs.crespel.me\/texasbar\/wp-json\/wp\/v2\/posts"}],"about":[{"href":"https:\/\/blogs.crespel.me\/texasbar\/wp-json\/wp\/v2\/types\/post"}],"author":[{"embeddable":true,"href":"https:\/\/blogs.crespel.me\/texasbar\/wp-json\/wp\/v2\/users\/3"}],"replies":[{"embeddable":true,"href":"https:\/\/blogs.crespel.me\/texasbar\/wp-json\/wp\/v2\/comments?post=316"}],"version-history":[{"count":1,"href":"https:\/\/blogs.crespel.me\/texasbar\/wp-json\/wp\/v2\/posts\/316\/revisions"}],"predecessor-version":[{"id":317,"href":"https:\/\/blogs.crespel.me\/texasbar\/wp-json\/wp\/v2\/posts\/316\/revisions\/317"}],"wp:attachment":[{"href":"https:\/\/blogs.crespel.me\/texasbar\/wp-json\/wp\/v2\/media?parent=316"}],"wp:term":[{"taxonomy":"category","embeddable":true,"href":"https:\/\/blogs.crespel.me\/texasbar\/wp-json\/wp\/v2\/categories?post=316"},{"taxonomy":"post_tag","embeddable":true,"href":"https:\/\/blogs.crespel.me\/texasbar\/wp-json\/wp\/v2\/tags?post=316"}],"curies":[{"name":"wp","href":"https:\/\/api.w.org\/{rel}","templated":true}]}}