{"id":168,"date":"2022-06-04T10:01:01","date_gmt":"2022-06-04T08:01:01","guid":{"rendered":"https:\/\/blogs.crespel.me\/pyrenees\/?p=168"},"modified":"2022-07-02T15:01:18","modified_gmt":"2022-07-02T13:01:18","slug":"jour-01-samedi-04","status":"publish","type":"post","link":"https:\/\/blogs.crespel.me\/pyrenees\/2022\/06\/04\/jour-01-samedi-04\/","title":{"rendered":"Jour 01 : Samedi 04"},"content":{"rendered":"<p><strong>J01 de Perpignan\/Rivesaltes vers le Nord puis plein Ouest\u00a0 :<\/strong> samedi 04 Juin 2022, apr\u00e8s le petit d\u00e9jeuner \u00e0 l&rsquo;h\u00f4tel BandB, cap sur le Drive de l&rsquo;Intermarch\u00e9 situ\u00e9 \u00e0 7km, en bout de la piste de l&rsquo;a\u00e9roport. Bien pratique pour r\u00e9cup\u00e9rer quelques courses alimentaires sans attendre !<\/p>\n<ul>\n<li>De l\u00e0 nous montons, par de jolies routes de campagne (30km\/40mn), vers le <strong>ch\u00e2teau d&rsquo;Aguilar**<\/strong> qui doit entamer une journ\u00e9e bien charg\u00e9e. Attention* ne suivez PAS le GPS s&rsquo;il vous dit de quitter la D39 pour prendre \u00e0 droite une petite route vers le ch\u00e2teau \u00e0 2km ! c&rsquo;est en r\u00e9alit\u00e9 un chemin en caillasse qui va vite devenir impraticable sauf en 4&#215;4 vers une ferme isol\u00e9e sur une hauteur face au ch\u00e2teau. Donc continuer la D39 au milieu des vignes qui vous m\u00e8nera au parking et au chalet d&rsquo;accueil (4\u20ac\/pers. CB possible).<\/li>\n<li>C&rsquo;est un \u00ab\u00a0nid d&rsquo;aigle\u00a0\u00bb avec une jolie vue \u00e0 360\u00b0, acc\u00e8s assez facile \u00e0 pied. Voir la toute petite \u00ab\u00a0chapelle\u00a0\u00bb \u00e0 gauche avant l&rsquo;entr\u00e9e, puis les 6 tours semi-circulaires. Petit ch\u00e2teau sympa pour d\u00e9marrer la journ\u00e9e (nous avons d\u00e9j\u00e0 perdu 45mn sur le timing pr\u00e9vu&#8230;).<\/li>\n<li>S&rsquo;en suit la visite de <strong>Tuchan*<\/strong> \u00e0 3km en bas : joli village soign\u00e9, peu de monde dans les rues.<\/li>\n<li>Par la D14, faire une photo (en passant&#8230;) du ch\u00e2teau de Padern* \u00e0 11km\/20mn.<\/li>\n<\/ul>\n<ul>\n<li>Encore 5km pour un pique-nique \u00e0 l&rsquo;entr\u00e9e de Cucugnan (parking \u00e0 l&rsquo;ombre en face du resto \u00ab\u00a0La table du cur\u00e9\u00a0\u00bb), et comme il semble y avoir du monde dans les restos nous d\u00e9cidons d&rsquo;aller ensuite directement vers le <strong>ch\u00e2teau de Qu\u00e9ribus***<\/strong> (<span style=\"color: #ff0000\"><strong>photo ci-dessus<\/strong><\/span>) et de visiter la ville au retour.<\/li>\n<li>Grand parking et accueil sympa apr\u00e8s 4,5km\/10mn (20,50\u20ac\/CB pour 3 incluant la projection du film en ville). Le ch\u00e2teau se dresse fi\u00e8rement \u00e0 730m pour dominer la r\u00e9gion et le chemin \u00ab\u00a0plat\u00a0\u00bb qui y m\u00e8ne&#8230; n&rsquo;est pas plat, il est nivel\u00e9 sur 300m en montant de 40m (soit 13% sous le soleil sans ombre !), et apr\u00e8s on attaque les marches des lacets vers la 1\u00e8re enceinte, puis encore vers les 2\u00e8me et 3\u00e8me. Nombreux panneaux explicatifs. Voir la salle du pilier et la vue depuis l\u00e0 haut. Superbe.<\/li>\n<li>Retour \u00e0 <strong>Cucugnan*<\/strong> pour visiter ce joli village et voir la projection sur le ch\u00e2teau (\u00e0 15h00 : salle pr\u00e8s de la mairie), le moulin, la boulangerie et l&rsquo;\u00e9glise avec sa rare vierge enceinte !<\/li>\n<\/ul>\n<ul>\n<li>Encore 8km\/15mn pour atteindre le parking du <strong>ch\u00e2teau de Peyrepertuse***<\/strong>. Il est 16h00 (et nous avons alors 1h de retard sur le timing pr\u00e9vu&#8230;) et il y a peu de touristes. Mme va nous attendre sur la terrasse du sympathique b\u00e2timent d&rsquo;accueil (la mont\u00e9e pour 6,50\u20ac\/pers. en CB). On dirait un navire de 300m de long perch\u00e9 sur l&rsquo;ar\u00eate rocheuse \u00e0 800m d&rsquo;altitude, impressionnant ! \u00e0 2 en 10mn fond la gomme, pourtant c&rsquo;est pentu mais en sous-bois, nous sommes \u00e0 l&rsquo;entr\u00e9e (au milieu). Suivant le plan d\u00e9taill\u00e9 nous allons jusque la proue \u00e9ffil\u00e9e, puis les remparts, le donjon vieux, et le donjon San Jordi \u00e0 l&rsquo;arri\u00e8re o\u00f9 l&rsquo;on acc\u00e8de par un escalier de 80 hautes marches (il faut 1h00 pour voir tout \u00e7a et la vue dominante). Descente rapide en 10mn. Une bonne glace nous attends \u00e0 l&rsquo;accueil.<\/li>\n<\/ul>\n<ul>\n<li>Conciliabule, il est plus de 17h30 et le g\u00eete de <strong>Soulatg\u00e9**<\/strong> est \u00e0 12km\/25mn, nous d\u00e9cidons d&rsquo;y aller directement en zappant la visite du village de Duilhac et le passage dans les gorges de Galamus (et son ermitage). Super accueil d&rsquo;Anibal Somoza \u00e0 la chambre d&rsquo;h\u00f4te La Giraudasse, puis excellent repas du soir, en face, au \u00ab\u00a0Grain de sel\u00a0\u00bb (la patronne Jo\u00eblle est adorable).<\/li>\n<li>Une superbe et intense premi\u00e8re journ\u00e9e en vadrouille.<\/li>\n<li>Score du jour : environ 7,5km \u00e0 pieds\/12900 pas, \u00e9quivalent 80* \u00e9tages mont\u00e9s.<\/li>\n<\/ul>\n<p>A chaque page vous aurez un avis perso sur les visites * (sympa), **(\u00e0 voir), ***(indispensable). <em><span style=\"color: #0000ff\">Ainsi que des suggestions d\u2019autres visites int\u00e9grables dans le timing<\/span>.<\/em> Et pour les photos, il suffit de cliquer dessus pour les agrandir.<em><br \/>\n<\/em><\/p>\n<p><em><span style=\"color: #0000ff\">A voir en sus : le village de Duilhac, les gorges et l&rsquo;Ermitage de Galamus (zapp\u00e9s faute de temps).<\/span><br \/>\n<\/em><\/p>\n<p><strong>36 Photos :<\/strong> surtout les 3 ch\u00e2teaux : Aguilar, Qu\u00e9ribus, Peyrepertuse.<\/p>\n\n\t\t<style type=\"text\/css\">\n\t\t\t#gallery-1 {\n\t\t\t\tmargin: auto;\n\t\t\t}\n\t\t\t#gallery-1 .gallery-item {\n\t\t\t\tfloat: left;\n\t\t\t\tmargin-top: 10px;\n\t\t\t\ttext-align: center;\n\t\t\t\twidth: 33%;\n\t\t\t}\n\t\t\t#gallery-1 img {\n\t\t\t\tborder: 2px solid #cfcfcf;\n\t\t\t}\n\t\t\t#gallery-1 .gallery-caption {\n\t\t\t\tmargin-left: 0;\n\t\t\t}\n\t\t\t\/* see gallery_shortcode() in wp-includes\/media.php *\/\n\t\t<\/style>\n\t\t<div id='gallery-1' class='gallery galleryid-168 gallery-columns-3 gallery-size-thumbnail'><dl class='gallery-item'>\n\t\t\t<dt class='gallery-icon landscape'>\n\t\t\t\t<a href='https:\/\/blogs.crespel.me\/pyrenees\/wp-content\/uploads\/sites\/17\/2022\/06\/IMG_9904-scaled.jpg'><img loading=\"lazy\" decoding=\"async\" width=\"150\" height=\"150\" src=\"https:\/\/blogs.crespel.me\/pyrenees\/wp-content\/uploads\/sites\/17\/2022\/06\/IMG_9904-150x150.jpg\" class=\"attachment-thumbnail size-thumbnail\" alt=\"\" aria-describedby=\"gallery-1-181\" \/><\/a>\n\t\t\t<\/dt>\n\t\t\t\t<dd class='wp-caption-text gallery-caption' id='gallery-1-181'>\n\t\t\t\tCh\u00e2teau d&rsquo;Aguilar\n\t\t\t\t<\/dd><\/dl><dl class='gallery-item'>\n\t\t\t<dt class='gallery-icon landscape'>\n\t\t\t\t<a href='https:\/\/blogs.crespel.me\/pyrenees\/wp-content\/uploads\/sites\/17\/2022\/06\/DSC05316-scaled.jpg'><img loading=\"lazy\" decoding=\"async\" width=\"150\" height=\"150\" src=\"https:\/\/blogs.crespel.me\/pyrenees\/wp-content\/uploads\/sites\/17\/2022\/06\/DSC05316-150x150.jpg\" class=\"attachment-thumbnail size-thumbnail\" alt=\"\" aria-describedby=\"gallery-1-179\" \/><\/a>\n\t\t\t<\/dt>\n\t\t\t\t<dd class='wp-caption-text gallery-caption' id='gallery-1-179'>\n\t\t\t\tCh\u00e2teau d&rsquo;Aguilar\n\t\t\t\t<\/dd><\/dl><dl class='gallery-item'>\n\t\t\t<dt class='gallery-icon landscape'>\n\t\t\t\t<a href='https:\/\/blogs.crespel.me\/pyrenees\/wp-content\/uploads\/sites\/17\/2022\/06\/DSC05286-scaled.jpg'><img loading=\"lazy\" decoding=\"async\" width=\"150\" height=\"150\" src=\"https:\/\/blogs.crespel.me\/pyrenees\/wp-content\/uploads\/sites\/17\/2022\/06\/DSC05286-150x150.jpg\" class=\"attachment-thumbnail size-thumbnail\" alt=\"\" aria-describedby=\"gallery-1-176\" \/><\/a>\n\t\t\t<\/dt>\n\t\t\t\t<dd class='wp-caption-text gallery-caption' id='gallery-1-176'>\n\t\t\t\tCh\u00e2teau d&rsquo;Aguilar\n\t\t\t\t<\/dd><\/dl><br style=\"clear: both\" \/><dl class='gallery-item'>\n\t\t\t<dt class='gallery-icon portrait'>\n\t\t\t\t<a href='https:\/\/blogs.crespel.me\/pyrenees\/wp-content\/uploads\/sites\/17\/2022\/06\/IMG_1075-scaled.jpg'><img loading=\"lazy\" decoding=\"async\" width=\"150\" height=\"150\" src=\"https:\/\/blogs.crespel.me\/pyrenees\/wp-content\/uploads\/sites\/17\/2022\/06\/IMG_1075-150x150.jpg\" class=\"attachment-thumbnail size-thumbnail\" alt=\"\" aria-describedby=\"gallery-1-180\" \/><\/a>\n\t\t\t<\/dt>\n\t\t\t\t<dd class='wp-caption-text gallery-caption' id='gallery-1-180'>\n\t\t\t\tCh\u00e2teau d&rsquo;Aguilar\n\t\t\t\t<\/dd><\/dl><dl class='gallery-item'>\n\t\t\t<dt class='gallery-icon landscape'>\n\t\t\t\t<a href='https:\/\/blogs.crespel.me\/pyrenees\/wp-content\/uploads\/sites\/17\/2022\/06\/DSC05290-scaled.jpg'><img loading=\"lazy\" decoding=\"async\" width=\"150\" height=\"150\" src=\"https:\/\/blogs.crespel.me\/pyrenees\/wp-content\/uploads\/sites\/17\/2022\/06\/DSC05290-150x150.jpg\" class=\"attachment-thumbnail size-thumbnail\" alt=\"\" aria-describedby=\"gallery-1-177\" \/><\/a>\n\t\t\t<\/dt>\n\t\t\t\t<dd class='wp-caption-text gallery-caption' id='gallery-1-177'>\n\t\t\t\tCh\u00e2teau d&rsquo;Aguilar\n\t\t\t\t<\/dd><\/dl><dl class='gallery-item'>\n\t\t\t<dt class='gallery-icon landscape'>\n\t\t\t\t<a href='https:\/\/blogs.crespel.me\/pyrenees\/wp-content\/uploads\/sites\/17\/2022\/06\/DSC05313-scaled.jpg'><img loading=\"lazy\" decoding=\"async\" width=\"150\" height=\"150\" src=\"https:\/\/blogs.crespel.me\/pyrenees\/wp-content\/uploads\/sites\/17\/2022\/06\/DSC05313-150x150.jpg\" class=\"attachment-thumbnail size-thumbnail\" alt=\"\" aria-describedby=\"gallery-1-178\" \/><\/a>\n\t\t\t<\/dt>\n\t\t\t\t<dd class='wp-caption-text gallery-caption' id='gallery-1-178'>\n\t\t\t\tCh\u00e2teau d&rsquo;Aguilar\n\t\t\t\t<\/dd><\/dl><br style=\"clear: both\" \/><dl class='gallery-item'>\n\t\t\t<dt class='gallery-icon landscape'>\n\t\t\t\t<a href='https:\/\/blogs.crespel.me\/pyrenees\/wp-content\/uploads\/sites\/17\/2022\/06\/DSC05322-scaled.jpg'><img loading=\"lazy\" decoding=\"async\" width=\"150\" height=\"150\" src=\"https:\/\/blogs.crespel.me\/pyrenees\/wp-content\/uploads\/sites\/17\/2022\/06\/DSC05322-150x150.jpg\" class=\"attachment-thumbnail size-thumbnail\" alt=\"\" aria-describedby=\"gallery-1-182\" \/><\/a>\n\t\t\t<\/dt>\n\t\t\t\t<dd class='wp-caption-text gallery-caption' id='gallery-1-182'>\n\t\t\t\tTuchan\n\t\t\t\t<\/dd><\/dl><dl class='gallery-item'>\n\t\t\t<dt class='gallery-icon landscape'>\n\t\t\t\t<a href='https:\/\/blogs.crespel.me\/pyrenees\/wp-content\/uploads\/sites\/17\/2022\/06\/DSC05324-scaled.jpg'><img loading=\"lazy\" decoding=\"async\" width=\"150\" height=\"150\" src=\"https:\/\/blogs.crespel.me\/pyrenees\/wp-content\/uploads\/sites\/17\/2022\/06\/DSC05324-150x150.jpg\" class=\"attachment-thumbnail size-thumbnail\" alt=\"\" aria-describedby=\"gallery-1-183\" \/><\/a>\n\t\t\t<\/dt>\n\t\t\t\t<dd class='wp-caption-text gallery-caption' id='gallery-1-183'>\n\t\t\t\tTuchan\n\t\t\t\t<\/dd><\/dl><dl class='gallery-item'>\n\t\t\t<dt class='gallery-icon landscape'>\n\t\t\t\t<a href='https:\/\/blogs.crespel.me\/pyrenees\/wp-content\/uploads\/sites\/17\/2022\/06\/DSC05325-scaled.jpg'><img loading=\"lazy\" decoding=\"async\" width=\"150\" height=\"150\" src=\"https:\/\/blogs.crespel.me\/pyrenees\/wp-content\/uploads\/sites\/17\/2022\/06\/DSC05325-150x150.jpg\" class=\"attachment-thumbnail size-thumbnail\" alt=\"\" aria-describedby=\"gallery-1-184\" \/><\/a>\n\t\t\t<\/dt>\n\t\t\t\t<dd class='wp-caption-text gallery-caption' id='gallery-1-184'>\n\t\t\t\tTuchan\n\t\t\t\t<\/dd><\/dl><br style=\"clear: both\" \/><dl class='gallery-item'>\n\t\t\t<dt class='gallery-icon landscape'>\n\t\t\t\t<a href='https:\/\/blogs.crespel.me\/pyrenees\/wp-content\/uploads\/sites\/17\/2022\/06\/IMG_1083-scaled.jpg'><img loading=\"lazy\" decoding=\"async\" width=\"150\" height=\"150\" src=\"https:\/\/blogs.crespel.me\/pyrenees\/wp-content\/uploads\/sites\/17\/2022\/06\/IMG_1083-150x150.jpg\" class=\"attachment-thumbnail size-thumbnail\" alt=\"\" aria-describedby=\"gallery-1-185\" \/><\/a>\n\t\t\t<\/dt>\n\t\t\t\t<dd class='wp-caption-text gallery-caption' id='gallery-1-185'>\n\t\t\t\tTuchan\n\t\t\t\t<\/dd><\/dl><dl class='gallery-item'>\n\t\t\t<dt class='gallery-icon landscape'>\n\t\t\t\t<a href='https:\/\/blogs.crespel.me\/pyrenees\/wp-content\/uploads\/sites\/17\/2022\/06\/IMG_1084-scaled.jpg'><img loading=\"lazy\" decoding=\"async\" width=\"150\" height=\"150\" src=\"https:\/\/blogs.crespel.me\/pyrenees\/wp-content\/uploads\/sites\/17\/2022\/06\/IMG_1084-150x150.jpg\" class=\"attachment-thumbnail size-thumbnail\" alt=\"\" aria-describedby=\"gallery-1-186\" \/><\/a>\n\t\t\t<\/dt>\n\t\t\t\t<dd class='wp-caption-text gallery-caption' id='gallery-1-186'>\n\t\t\t\tTuchan\n\t\t\t\t<\/dd><\/dl><dl class='gallery-item'>\n\t\t\t<dt class='gallery-icon landscape'>\n\t\t\t\t<a href='https:\/\/blogs.crespel.me\/pyrenees\/wp-content\/uploads\/sites\/17\/2022\/06\/DSC05326-2-scaled.jpg'><img loading=\"lazy\" decoding=\"async\" width=\"150\" height=\"150\" src=\"https:\/\/blogs.crespel.me\/pyrenees\/wp-content\/uploads\/sites\/17\/2022\/06\/DSC05326-2-150x150.jpg\" class=\"attachment-thumbnail size-thumbnail\" alt=\"\" aria-describedby=\"gallery-1-187\" \/><\/a>\n\t\t\t<\/dt>\n\t\t\t\t<dd class='wp-caption-text gallery-caption' id='gallery-1-187'>\n\t\t\t\tCh\u00e2teau de Padern\n\t\t\t\t<\/dd><\/dl><br style=\"clear: both\" \/><dl class='gallery-item'>\n\t\t\t<dt class='gallery-icon landscape'>\n\t\t\t\t<a href='https:\/\/blogs.crespel.me\/pyrenees\/wp-content\/uploads\/sites\/17\/2022\/06\/DSC05333-scaled.jpg'><img loading=\"lazy\" decoding=\"async\" width=\"150\" height=\"150\" src=\"https:\/\/blogs.crespel.me\/pyrenees\/wp-content\/uploads\/sites\/17\/2022\/06\/DSC05333-150x150.jpg\" class=\"attachment-thumbnail size-thumbnail\" alt=\"\" aria-describedby=\"gallery-1-188\" \/><\/a>\n\t\t\t<\/dt>\n\t\t\t\t<dd class='wp-caption-text gallery-caption' id='gallery-1-188'>\n\t\t\t\tCh\u00e2teau de Qu\u00e9ribus\n\t\t\t\t<\/dd><\/dl><dl class='gallery-item'>\n\t\t\t<dt class='gallery-icon portrait'>\n\t\t\t\t<a href='https:\/\/blogs.crespel.me\/pyrenees\/wp-content\/uploads\/sites\/17\/2022\/06\/DSC05340-scaled.jpg'><img loading=\"lazy\" decoding=\"async\" width=\"150\" height=\"150\" src=\"https:\/\/blogs.crespel.me\/pyrenees\/wp-content\/uploads\/sites\/17\/2022\/06\/DSC05340-150x150.jpg\" class=\"attachment-thumbnail size-thumbnail\" alt=\"\" aria-describedby=\"gallery-1-189\" \/><\/a>\n\t\t\t<\/dt>\n\t\t\t\t<dd class='wp-caption-text gallery-caption' id='gallery-1-189'>\n\t\t\t\tCh\u00e2teau de Qu\u00e9ribus\n\t\t\t\t<\/dd><\/dl><dl class='gallery-item'>\n\t\t\t<dt class='gallery-icon portrait'>\n\t\t\t\t<a href='https:\/\/blogs.crespel.me\/pyrenees\/wp-content\/uploads\/sites\/17\/2022\/06\/DSC05349-scaled.jpg'><img loading=\"lazy\" decoding=\"async\" width=\"150\" height=\"150\" src=\"https:\/\/blogs.crespel.me\/pyrenees\/wp-content\/uploads\/sites\/17\/2022\/06\/DSC05349-150x150.jpg\" class=\"attachment-thumbnail size-thumbnail\" alt=\"\" aria-describedby=\"gallery-1-192\" \/><\/a>\n\t\t\t<\/dt>\n\t\t\t\t<dd class='wp-caption-text gallery-caption' id='gallery-1-192'>\n\t\t\t\tCh\u00e2teau de Qu\u00e9ribus\n\t\t\t\t<\/dd><\/dl><br style=\"clear: both\" \/><dl class='gallery-item'>\n\t\t\t<dt class='gallery-icon landscape'>\n\t\t\t\t<a href='https:\/\/blogs.crespel.me\/pyrenees\/wp-content\/uploads\/sites\/17\/2022\/06\/DSC05347-scaled.jpg'><img loading=\"lazy\" decoding=\"async\" width=\"150\" height=\"150\" src=\"https:\/\/blogs.crespel.me\/pyrenees\/wp-content\/uploads\/sites\/17\/2022\/06\/DSC05347-150x150.jpg\" class=\"attachment-thumbnail size-thumbnail\" alt=\"\" aria-describedby=\"gallery-1-191\" \/><\/a>\n\t\t\t<\/dt>\n\t\t\t\t<dd class='wp-caption-text gallery-caption' id='gallery-1-191'>\n\t\t\t\tCh\u00e2teau de Qu\u00e9ribus\n\t\t\t\t<\/dd><\/dl><dl class='gallery-item'>\n\t\t\t<dt class='gallery-icon landscape'>\n\t\t\t\t<a href='https:\/\/blogs.crespel.me\/pyrenees\/wp-content\/uploads\/sites\/17\/2022\/06\/DSC05343-scaled.jpg'><img loading=\"lazy\" decoding=\"async\" width=\"150\" height=\"150\" src=\"https:\/\/blogs.crespel.me\/pyrenees\/wp-content\/uploads\/sites\/17\/2022\/06\/DSC05343-150x150.jpg\" class=\"attachment-thumbnail size-thumbnail\" alt=\"\" aria-describedby=\"gallery-1-190\" \/><\/a>\n\t\t\t<\/dt>\n\t\t\t\t<dd class='wp-caption-text gallery-caption' id='gallery-1-190'>\n\t\t\t\tCh\u00e2teau de Qu\u00e9ribus\n\t\t\t\t<\/dd><\/dl><dl class='gallery-item'>\n\t\t\t<dt class='gallery-icon landscape'>\n\t\t\t\t<a href='https:\/\/blogs.crespel.me\/pyrenees\/wp-content\/uploads\/sites\/17\/2022\/06\/DSC05356-scaled.jpg'><img loading=\"lazy\" decoding=\"async\" width=\"150\" height=\"150\" src=\"https:\/\/blogs.crespel.me\/pyrenees\/wp-content\/uploads\/sites\/17\/2022\/06\/DSC05356-150x150.jpg\" class=\"attachment-thumbnail size-thumbnail\" alt=\"\" aria-describedby=\"gallery-1-193\" \/><\/a>\n\t\t\t<\/dt>\n\t\t\t\t<dd class='wp-caption-text gallery-caption' id='gallery-1-193'>\n\t\t\t\tCh\u00e2teau de Qu\u00e9ribus\n\t\t\t\t<\/dd><\/dl><br style=\"clear: both\" \/><dl class='gallery-item'>\n\t\t\t<dt class='gallery-icon landscape'>\n\t\t\t\t<a href='https:\/\/blogs.crespel.me\/pyrenees\/wp-content\/uploads\/sites\/17\/2022\/06\/DSC05360-scaled.jpg'><img loading=\"lazy\" decoding=\"async\" width=\"150\" height=\"150\" src=\"https:\/\/blogs.crespel.me\/pyrenees\/wp-content\/uploads\/sites\/17\/2022\/06\/DSC05360-150x150.jpg\" class=\"attachment-thumbnail size-thumbnail\" alt=\"\" aria-describedby=\"gallery-1-194\" \/><\/a>\n\t\t\t<\/dt>\n\t\t\t\t<dd class='wp-caption-text gallery-caption' id='gallery-1-194'>\n\t\t\t\tCucugnan\n\t\t\t\t<\/dd><\/dl><dl class='gallery-item'>\n\t\t\t<dt class='gallery-icon landscape'>\n\t\t\t\t<a href='https:\/\/blogs.crespel.me\/pyrenees\/wp-content\/uploads\/sites\/17\/2022\/06\/DSC05363-scaled.jpg'><img loading=\"lazy\" decoding=\"async\" width=\"150\" height=\"150\" src=\"https:\/\/blogs.crespel.me\/pyrenees\/wp-content\/uploads\/sites\/17\/2022\/06\/DSC05363-150x150.jpg\" class=\"attachment-thumbnail size-thumbnail\" alt=\"\" aria-describedby=\"gallery-1-195\" \/><\/a>\n\t\t\t<\/dt>\n\t\t\t\t<dd class='wp-caption-text gallery-caption' id='gallery-1-195'>\n\t\t\t\tCucugnan\n\t\t\t\t<\/dd><\/dl><dl class='gallery-item'>\n\t\t\t<dt class='gallery-icon landscape'>\n\t\t\t\t<a href='https:\/\/blogs.crespel.me\/pyrenees\/wp-content\/uploads\/sites\/17\/2022\/06\/DSC05365-scaled.jpg'><img loading=\"lazy\" decoding=\"async\" width=\"150\" height=\"150\" src=\"https:\/\/blogs.crespel.me\/pyrenees\/wp-content\/uploads\/sites\/17\/2022\/06\/DSC05365-150x150.jpg\" class=\"attachment-thumbnail size-thumbnail\" alt=\"\" aria-describedby=\"gallery-1-196\" \/><\/a>\n\t\t\t<\/dt>\n\t\t\t\t<dd class='wp-caption-text gallery-caption' id='gallery-1-196'>\n\t\t\t\tCucugnan\n\t\t\t\t<\/dd><\/dl><br style=\"clear: both\" \/><dl class='gallery-item'>\n\t\t\t<dt class='gallery-icon portrait'>\n\t\t\t\t<a href='https:\/\/blogs.crespel.me\/pyrenees\/wp-content\/uploads\/sites\/17\/2022\/06\/DSC05366-scaled.jpg'><img loading=\"lazy\" decoding=\"async\" width=\"150\" height=\"150\" src=\"https:\/\/blogs.crespel.me\/pyrenees\/wp-content\/uploads\/sites\/17\/2022\/06\/DSC05366-150x150.jpg\" class=\"attachment-thumbnail size-thumbnail\" alt=\"\" aria-describedby=\"gallery-1-197\" \/><\/a>\n\t\t\t<\/dt>\n\t\t\t\t<dd class='wp-caption-text gallery-caption' id='gallery-1-197'>\n\t\t\t\tCucugnan\n\t\t\t\t<\/dd><\/dl><dl class='gallery-item'>\n\t\t\t<dt class='gallery-icon landscape'>\n\t\t\t\t<a href='https:\/\/blogs.crespel.me\/pyrenees\/wp-content\/uploads\/sites\/17\/2022\/06\/IMG_1096-scaled.jpg'><img loading=\"lazy\" decoding=\"async\" width=\"150\" height=\"150\" src=\"https:\/\/blogs.crespel.me\/pyrenees\/wp-content\/uploads\/sites\/17\/2022\/06\/IMG_1096-150x150.jpg\" class=\"attachment-thumbnail size-thumbnail\" alt=\"\" aria-describedby=\"gallery-1-198\" \/><\/a>\n\t\t\t<\/dt>\n\t\t\t\t<dd class='wp-caption-text gallery-caption' id='gallery-1-198'>\n\t\t\t\tEglise de Cucugnan\n\t\t\t\t<\/dd><\/dl><dl class='gallery-item'>\n\t\t\t<dt class='gallery-icon portrait'>\n\t\t\t\t<a href='https:\/\/blogs.crespel.me\/pyrenees\/wp-content\/uploads\/sites\/17\/2022\/06\/IMG_1098-scaled.jpg'><img loading=\"lazy\" decoding=\"async\" width=\"150\" height=\"150\" src=\"https:\/\/blogs.crespel.me\/pyrenees\/wp-content\/uploads\/sites\/17\/2022\/06\/IMG_1098-150x150.jpg\" class=\"attachment-thumbnail size-thumbnail\" alt=\"\" aria-describedby=\"gallery-1-199\" \/><\/a>\n\t\t\t<\/dt>\n\t\t\t\t<dd class='wp-caption-text gallery-caption' id='gallery-1-199'>\n\t\t\t\tEglise de Cucugnan\n\t\t\t\t<\/dd><\/dl><br style=\"clear: both\" \/><dl class='gallery-item'>\n\t\t\t<dt class='gallery-icon landscape'>\n\t\t\t\t<a href='https:\/\/blogs.crespel.me\/pyrenees\/wp-content\/uploads\/sites\/17\/2022\/06\/DSC05375-scaled.jpg'><img loading=\"lazy\" decoding=\"async\" width=\"150\" height=\"150\" src=\"https:\/\/blogs.crespel.me\/pyrenees\/wp-content\/uploads\/sites\/17\/2022\/06\/DSC05375-150x150.jpg\" class=\"attachment-thumbnail size-thumbnail\" alt=\"\" aria-describedby=\"gallery-1-200\" \/><\/a>\n\t\t\t<\/dt>\n\t\t\t\t<dd class='wp-caption-text gallery-caption' id='gallery-1-200'>\n\t\t\t\tCh\u00e2teau de Peyrepertuse\n\t\t\t\t<\/dd><\/dl><dl class='gallery-item'>\n\t\t\t<dt class='gallery-icon landscape'>\n\t\t\t\t<a href='https:\/\/blogs.crespel.me\/pyrenees\/wp-content\/uploads\/sites\/17\/2022\/06\/DSC05383-scaled.jpg'><img loading=\"lazy\" decoding=\"async\" width=\"150\" height=\"150\" src=\"https:\/\/blogs.crespel.me\/pyrenees\/wp-content\/uploads\/sites\/17\/2022\/06\/DSC05383-150x150.jpg\" class=\"attachment-thumbnail size-thumbnail\" alt=\"\" aria-describedby=\"gallery-1-201\" \/><\/a>\n\t\t\t<\/dt>\n\t\t\t\t<dd class='wp-caption-text gallery-caption' id='gallery-1-201'>\n\t\t\t\tCh\u00e2teau de Peyrepertuse\n\t\t\t\t<\/dd><\/dl><dl class='gallery-item'>\n\t\t\t<dt class='gallery-icon landscape'>\n\t\t\t\t<a href='https:\/\/blogs.crespel.me\/pyrenees\/wp-content\/uploads\/sites\/17\/2022\/06\/DSC05386-scaled.jpg'><img loading=\"lazy\" decoding=\"async\" width=\"150\" height=\"150\" src=\"https:\/\/blogs.crespel.me\/pyrenees\/wp-content\/uploads\/sites\/17\/2022\/06\/DSC05386-150x150.jpg\" class=\"attachment-thumbnail size-thumbnail\" alt=\"\" aria-describedby=\"gallery-1-202\" \/><\/a>\n\t\t\t<\/dt>\n\t\t\t\t<dd class='wp-caption-text gallery-caption' id='gallery-1-202'>\n\t\t\t\tCh\u00e2teau de Peyrepertuse\n\t\t\t\t<\/dd><\/dl><br style=\"clear: both\" \/><dl class='gallery-item'>\n\t\t\t<dt class='gallery-icon landscape'>\n\t\t\t\t<a href='https:\/\/blogs.crespel.me\/pyrenees\/wp-content\/uploads\/sites\/17\/2022\/06\/DSC05406-scaled.jpg'><img loading=\"lazy\" decoding=\"async\" width=\"150\" height=\"150\" src=\"https:\/\/blogs.crespel.me\/pyrenees\/wp-content\/uploads\/sites\/17\/2022\/06\/DSC05406-150x150.jpg\" class=\"attachment-thumbnail size-thumbnail\" alt=\"\" aria-describedby=\"gallery-1-206\" \/><\/a>\n\t\t\t<\/dt>\n\t\t\t\t<dd class='wp-caption-text gallery-caption' id='gallery-1-206'>\n\t\t\t\tCh\u00e2teau de Peyrepertuse\n\t\t\t\t<\/dd><\/dl><dl class='gallery-item'>\n\t\t\t<dt class='gallery-icon portrait'>\n\t\t\t\t<a href='https:\/\/blogs.crespel.me\/pyrenees\/wp-content\/uploads\/sites\/17\/2022\/06\/DSC05393-scaled.jpg'><img loading=\"lazy\" decoding=\"async\" width=\"150\" height=\"150\" src=\"https:\/\/blogs.crespel.me\/pyrenees\/wp-content\/uploads\/sites\/17\/2022\/06\/DSC05393-150x150.jpg\" class=\"attachment-thumbnail size-thumbnail\" alt=\"\" aria-describedby=\"gallery-1-203\" \/><\/a>\n\t\t\t<\/dt>\n\t\t\t\t<dd class='wp-caption-text gallery-caption' id='gallery-1-203'>\n\t\t\t\tCh\u00e2teau de Peyrepertuse\n\t\t\t\t<\/dd><\/dl><dl class='gallery-item'>\n\t\t\t<dt class='gallery-icon landscape'>\n\t\t\t\t<a href='https:\/\/blogs.crespel.me\/pyrenees\/wp-content\/uploads\/sites\/17\/2022\/06\/DSC05395-scaled.jpg'><img loading=\"lazy\" decoding=\"async\" width=\"150\" height=\"150\" src=\"https:\/\/blogs.crespel.me\/pyrenees\/wp-content\/uploads\/sites\/17\/2022\/06\/DSC05395-150x150.jpg\" class=\"attachment-thumbnail size-thumbnail\" alt=\"\" aria-describedby=\"gallery-1-204\" \/><\/a>\n\t\t\t<\/dt>\n\t\t\t\t<dd class='wp-caption-text gallery-caption' id='gallery-1-204'>\n\t\t\t\tCh\u00e2teau de Peyrepertuse\n\t\t\t\t<\/dd><\/dl><br style=\"clear: both\" \/><dl class='gallery-item'>\n\t\t\t<dt class='gallery-icon portrait'>\n\t\t\t\t<a href='https:\/\/blogs.crespel.me\/pyrenees\/wp-content\/uploads\/sites\/17\/2022\/06\/DSC05400-scaled.jpg'><img loading=\"lazy\" decoding=\"async\" width=\"150\" height=\"150\" src=\"https:\/\/blogs.crespel.me\/pyrenees\/wp-content\/uploads\/sites\/17\/2022\/06\/DSC05400-150x150.jpg\" class=\"attachment-thumbnail size-thumbnail\" alt=\"\" aria-describedby=\"gallery-1-205\" \/><\/a>\n\t\t\t<\/dt>\n\t\t\t\t<dd class='wp-caption-text gallery-caption' id='gallery-1-205'>\n\t\t\t\tCh\u00e2teau de Peyrepertuse\n\t\t\t\t<\/dd><\/dl><dl class='gallery-item'>\n\t\t\t<dt class='gallery-icon landscape'>\n\t\t\t\t<a href='https:\/\/blogs.crespel.me\/pyrenees\/wp-content\/uploads\/sites\/17\/2022\/06\/DSC05408-scaled.jpg'><img loading=\"lazy\" decoding=\"async\" width=\"150\" height=\"150\" src=\"https:\/\/blogs.crespel.me\/pyrenees\/wp-content\/uploads\/sites\/17\/2022\/06\/DSC05408-150x150.jpg\" class=\"attachment-thumbnail size-thumbnail\" alt=\"\" aria-describedby=\"gallery-1-207\" \/><\/a>\n\t\t\t<\/dt>\n\t\t\t\t<dd class='wp-caption-text gallery-caption' id='gallery-1-207'>\n\t\t\t\tCh\u00e2teau de Peyrepertuse\n\t\t\t\t<\/dd><\/dl><dl class='gallery-item'>\n\t\t\t<dt class='gallery-icon portrait'>\n\t\t\t\t<a href='https:\/\/blogs.crespel.me\/pyrenees\/wp-content\/uploads\/sites\/17\/2022\/06\/DSC05412-scaled.jpg'><img loading=\"lazy\" decoding=\"async\" width=\"150\" height=\"150\" src=\"https:\/\/blogs.crespel.me\/pyrenees\/wp-content\/uploads\/sites\/17\/2022\/06\/DSC05412-150x150.jpg\" class=\"attachment-thumbnail size-thumbnail\" alt=\"\" aria-describedby=\"gallery-1-208\" \/><\/a>\n\t\t\t<\/dt>\n\t\t\t\t<dd class='wp-caption-text gallery-caption' id='gallery-1-208'>\n\t\t\t\tCh\u00e2teau de Peyrepertuse\n\t\t\t\t<\/dd><\/dl><br style=\"clear: both\" \/><dl class='gallery-item'>\n\t\t\t<dt class='gallery-icon landscape'>\n\t\t\t\t<a href='https:\/\/blogs.crespel.me\/pyrenees\/wp-content\/uploads\/sites\/17\/2022\/06\/IMG_1109-scaled.jpg'><img loading=\"lazy\" decoding=\"async\" width=\"150\" height=\"150\" src=\"https:\/\/blogs.crespel.me\/pyrenees\/wp-content\/uploads\/sites\/17\/2022\/06\/IMG_1109-150x150.jpg\" class=\"attachment-thumbnail size-thumbnail\" alt=\"\" aria-describedby=\"gallery-1-209\" \/><\/a>\n\t\t\t<\/dt>\n\t\t\t\t<dd class='wp-caption-text gallery-caption' id='gallery-1-209'>\n\t\t\t\tCh\u00e2teau de Peyrepertuse\n\t\t\t\t<\/dd><\/dl><dl class='gallery-item'>\n\t\t\t<dt class='gallery-icon landscape'>\n\t\t\t\t<a href='https:\/\/blogs.crespel.me\/pyrenees\/wp-content\/uploads\/sites\/17\/2022\/06\/DSC05399-scaled.jpg'><img loading=\"lazy\" decoding=\"async\" width=\"150\" height=\"150\" src=\"https:\/\/blogs.crespel.me\/pyrenees\/wp-content\/uploads\/sites\/17\/2022\/06\/DSC05399-150x150.jpg\" class=\"attachment-thumbnail size-thumbnail\" alt=\"\" aria-describedby=\"gallery-1-211\" \/><\/a>\n\t\t\t<\/dt>\n\t\t\t\t<dd class='wp-caption-text gallery-caption' id='gallery-1-211'>\n\t\t\t\tCh\u00e2teau de Peyrepertuse\n\t\t\t\t<\/dd><\/dl><dl class='gallery-item'>\n\t\t\t<dt class='gallery-icon portrait'>\n\t\t\t\t<a href='https:\/\/blogs.crespel.me\/pyrenees\/wp-content\/uploads\/sites\/17\/2022\/06\/IMG_1113-scaled.jpg'><img loading=\"lazy\" decoding=\"async\" width=\"150\" height=\"150\" src=\"https:\/\/blogs.crespel.me\/pyrenees\/wp-content\/uploads\/sites\/17\/2022\/06\/IMG_1113-150x150.jpg\" class=\"attachment-thumbnail size-thumbnail\" alt=\"\" aria-describedby=\"gallery-1-210\" \/><\/a>\n\t\t\t<\/dt>\n\t\t\t\t<dd class='wp-caption-text gallery-caption' id='gallery-1-210'>\n\t\t\t\tCh\u00e2teau de Peyrepertuse\n\t\t\t\t<\/dd><\/dl><br style=\"clear: both\" \/>\n\t\t<\/div>\n\n","protected":false},"excerpt":{"rendered":"<p>J01 de Perpignan\/Rivesaltes vers le Nord puis plein Ouest\u00a0 : samedi 04 Juin 2022, apr\u00e8s le petit d\u00e9jeuner \u00e0 l&rsquo;h\u00f4tel BandB, cap sur le Drive de l&rsquo;Intermarch\u00e9 situ\u00e9 \u00e0 7km, en bout de la piste de l&rsquo;a\u00e9roport. Bien pratique pour r\u00e9cup\u00e9rer quelques courses alimentaires sans attendre ! De l\u00e0 nous montons, par de jolies routes [&hellip;]<\/p>\n","protected":false},"author":2,"featured_media":173,"comment_status":"open","ping_status":"open","sticky":false,"template":"","format":"standard","meta":{"footnotes":""},"categories":[1],"tags":[],"class_list":["post-168","post","type-post","status-publish","format-standard","has-post-thumbnail","hentry","category-non-classe"],"_links":{"self":[{"href":"https:\/\/blogs.crespel.me\/pyrenees\/wp-json\/wp\/v2\/posts\/168","targetHints":{"allow":["GET"]}}],"collection":[{"href":"https:\/\/blogs.crespel.me\/pyrenees\/wp-json\/wp\/v2\/posts"}],"about":[{"href":"https:\/\/blogs.crespel.me\/pyrenees\/wp-json\/wp\/v2\/types\/post"}],"author":[{"embeddable":true,"href":"https:\/\/blogs.crespel.me\/pyrenees\/wp-json\/wp\/v2\/users\/2"}],"replies":[{"embeddable":true,"href":"https:\/\/blogs.crespel.me\/pyrenees\/wp-json\/wp\/v2\/comments?post=168"}],"version-history":[{"count":9,"href":"https:\/\/blogs.crespel.me\/pyrenees\/wp-json\/wp\/v2\/posts\/168\/revisions"}],"predecessor-version":[{"id":433,"href":"https:\/\/blogs.crespel.me\/pyrenees\/wp-json\/wp\/v2\/posts\/168\/revisions\/433"}],"wp:featuredmedia":[{"embeddable":true,"href":"https:\/\/blogs.crespel.me\/pyrenees\/wp-json\/wp\/v2\/media\/173"}],"wp:attachment":[{"href":"https:\/\/blogs.crespel.me\/pyrenees\/wp-json\/wp\/v2\/media?parent=168"}],"wp:term":[{"taxonomy":"category","embeddable":true,"href":"https:\/\/blogs.crespel.me\/pyrenees\/wp-json\/wp\/v2\/categories?post=168"},{"taxonomy":"post_tag","embeddable":true,"href":"https:\/\/blogs.crespel.me\/pyrenees\/wp-json\/wp\/v2\/tags?post=168"}],"curies":[{"name":"wp","href":"https:\/\/api.w.org\/{rel}","templated":true}]}}