{"id":34,"date":"2019-05-10T14:09:42","date_gmt":"2019-05-10T12:09:42","guid":{"rendered":"https:\/\/blogs.crespel.me\/italie2019\/?p=34"},"modified":"2019-06-16T19:23:21","modified_gmt":"2019-06-16T17:23:21","slug":"jour-01-vendredi-10","status":"publish","type":"post","link":"https:\/\/blogs.crespel.me\/italie2019\/2019\/05\/10\/jour-01-vendredi-10\/","title":{"rendered":"Jour 01: Vendredi 10"},"content":{"rendered":"<p><strong>La Toscane, l&rsquo;Emilie-Romagne, la V\u00e9n\u00e9tie<\/strong>: r\u00e9gions du Nord de l&rsquo;Italie dont nous n&rsquo;avions visit\u00e9 \u00ab\u00a0que\u00a0\u00bb Florence (3j1\/2), Venise (5j) et Maranello* en 2008.<\/p>\n<p><strong>J01 de Bruxelles \u00e0 Florence<\/strong>: vendredi 10 Mai 2019, arriv\u00e9e \u00e0 Florence Peretola vers 11h00 par le vol Brussels Airlines de 9h15.<\/p>\n<ul>\n<li>Longue r\u00e9cup\u00e9ration des bagages puis bus\/navette vers le \u00ab\u00a0chantier des loueurs\u00a0\u00bb \u00e0 2km (toute la zone est en travaux et c&rsquo;est le foutoir&#8230;), prise de la voiture de loc chez Enterprise\/Locauto via Carigami (une Polo \u00e0 221\u20ac pour 14j\/1100km + 85\u20ac de One Way pour la rendre \u00e0 Venise).<\/li>\n<li>Il est d\u00e9j\u00e0 12h45 lorsque nous mangeons les \u00ab\u00a0p\u00e2tes maison\u00a0\u00bb au <a href=\"https:\/\/www.facebook.com\/HEAVEN-SCENT-CAF%C3%88-137202210520149\/\">Heaven Scent caf\u00e9<\/a> de la piazza San Lorenzo de <strong>Pistoia<\/strong> (\u00e0 32km apr\u00e8s avoir brav\u00e9 les cam\u00e9ras de la ZTL et trouv\u00e9 une place de stationnement gratuite). Une charmante pr\u00e9pos\u00e9e nous attend ensuite \u00e0 14h00 pour visiter <span style=\"color: #ff0000;\"><strong>l&rsquo;Ospedale del Ceppo<\/strong><\/span>, avec le plus petit th\u00e9\u00e2tre d&rsquo;anatomie* au monde, puis les souterrains** \u00e0 proximit\u00e9 (visite guid\u00e9e r\u00e9serv\u00e9e par mail 9\u20ac tr\u00e8s bien comment\u00e9e en Fran\u00e7ais rien que pour nous 3). Les fresques du fronton* seront vues apr\u00e8s, mais le mus\u00e9e passe \u00e0 la trappe !<\/li>\n<li>Vers 15h00 visite de la cath\u00e9drale San Zeno* + campanile + Baptist\u00e8re. balade en ville: piazza del Duomo, piazza della Sala, et l&rsquo;\u00e9glise Sant Andr\u00e9a.<\/li>\n<li>Apr\u00e8s 44km, arriv\u00e9e \u00e0 <strong>Lucques<\/strong>\/Lucca pour 2 nuits \u00e0 l&rsquo;h\u00f4tel Stipino (accueil tr\u00e8s sympathique, parking priv\u00e9, chambre triple au 2\u00e8me \u00e9tage sans ascenseur), juste \u00e0 l&rsquo;ext\u00e9rieur des remparts. Repas pizzas (p\u00e2te trop ferme, manque de go\u00fbt), \u00e0 l&rsquo;<a href=\"https:\/\/www.tripadvisor.fr\/ShowUserReviews-g187898-d1873631-r677987186-Antica_Drogheria-Lucca_Province_of_Lucca_Tuscany.html\">Antica Drogheria<\/a> via Elisa (apr\u00e8s la Porta). Coucher du soleil vers 20h30.<\/li>\n<li>Score du jour: 10,6km \u00e0 pieds et 9 \u00e9tages \u00e9quivalents mont\u00e9s.<\/li>\n<\/ul>\n<p>A chaque page vous aurez un avis perso sur les visites * (sympa), **(\u00e0 voir), ***(indispensable). <span style=\"color: #0000ff;\"><em>Ainsi que des suggestions d\u2019autres visites int\u00e9grables dans le timing.<\/em><\/span> Et pour les photos, il suffit de cliquer dessus pour les agrandir.<em><br \/>\n<\/em><\/p>\n<p><span style=\"color: #0000ff;\"><em>A voir en sus: le mus\u00e9e de l&rsquo;Ospedale del Ceppo \u00e0 Pistoia, les thermes Tamerici et Tettuccio dans le parc de Montecatini Terme.<\/em><\/span><\/p>\n<p><strong>Photos<\/strong>: \u00e0 Pistoia.<\/p>\n\n\t\t<style type=\"text\/css\">\n\t\t\t#gallery-1 {\n\t\t\t\tmargin: auto;\n\t\t\t}\n\t\t\t#gallery-1 .gallery-item {\n\t\t\t\tfloat: left;\n\t\t\t\tmargin-top: 10px;\n\t\t\t\ttext-align: center;\n\t\t\t\twidth: 33%;\n\t\t\t}\n\t\t\t#gallery-1 img {\n\t\t\t\tborder: 2px solid #cfcfcf;\n\t\t\t}\n\t\t\t#gallery-1 .gallery-caption {\n\t\t\t\tmargin-left: 0;\n\t\t\t}\n\t\t\t\/* see gallery_shortcode() in wp-includes\/media.php *\/\n\t\t<\/style>\n\t\t<div id='gallery-1' class='gallery galleryid-34 gallery-columns-3 gallery-size-thumbnail'><dl class='gallery-item'>\n\t\t\t<dt class='gallery-icon landscape'>\n\t\t\t\t<a href='https:\/\/blogs.crespel.me\/italie2019\/wp-content\/uploads\/sites\/14\/2019\/06\/IMG_6395.jpg'><img loading=\"lazy\" decoding=\"async\" width=\"150\" height=\"150\" src=\"https:\/\/blogs.crespel.me\/italie2019\/wp-content\/uploads\/sites\/14\/2019\/06\/IMG_6395-150x150.jpg\" class=\"attachment-thumbnail size-thumbnail\" alt=\"\" aria-describedby=\"gallery-1-93\" \/><\/a>\n\t\t\t<\/dt>\n\t\t\t\t<dd class='wp-caption-text gallery-caption' id='gallery-1-93'>\n\t\t\t\tOspedale del Ceppo\n\t\t\t\t<\/dd><\/dl><dl class='gallery-item'>\n\t\t\t<dt class='gallery-icon landscape'>\n\t\t\t\t<a href='https:\/\/blogs.crespel.me\/italie2019\/wp-content\/uploads\/sites\/14\/2019\/06\/IMG_6396.jpg'><img loading=\"lazy\" decoding=\"async\" width=\"150\" height=\"150\" src=\"https:\/\/blogs.crespel.me\/italie2019\/wp-content\/uploads\/sites\/14\/2019\/06\/IMG_6396-150x150.jpg\" class=\"attachment-thumbnail size-thumbnail\" alt=\"\" aria-describedby=\"gallery-1-87\" \/><\/a>\n\t\t\t<\/dt>\n\t\t\t\t<dd class='wp-caption-text gallery-caption' id='gallery-1-87'>\n\t\t\t\tOspedale del Ceppo\n\t\t\t\t<\/dd><\/dl><dl class='gallery-item'>\n\t\t\t<dt class='gallery-icon landscape'>\n\t\t\t\t<a href='https:\/\/blogs.crespel.me\/italie2019\/wp-content\/uploads\/sites\/14\/2019\/06\/IMG_6386.jpg'><img loading=\"lazy\" decoding=\"async\" width=\"150\" height=\"150\" src=\"https:\/\/blogs.crespel.me\/italie2019\/wp-content\/uploads\/sites\/14\/2019\/06\/IMG_6386-150x150.jpg\" class=\"attachment-thumbnail size-thumbnail\" alt=\"\" aria-describedby=\"gallery-1-83\" \/><\/a>\n\t\t\t<\/dt>\n\t\t\t\t<dd class='wp-caption-text gallery-caption' id='gallery-1-83'>\n\t\t\t\tOspedale del Ceppo\n\t\t\t\t<\/dd><\/dl><br style=\"clear: both\" \/><dl class='gallery-item'>\n\t\t\t<dt class='gallery-icon landscape'>\n\t\t\t\t<a href='https:\/\/blogs.crespel.me\/italie2019\/wp-content\/uploads\/sites\/14\/2019\/06\/IMG_6387.jpg'><img loading=\"lazy\" decoding=\"async\" width=\"150\" height=\"150\" src=\"https:\/\/blogs.crespel.me\/italie2019\/wp-content\/uploads\/sites\/14\/2019\/06\/IMG_6387-150x150.jpg\" class=\"attachment-thumbnail size-thumbnail\" alt=\"\" aria-describedby=\"gallery-1-84\" \/><\/a>\n\t\t\t<\/dt>\n\t\t\t\t<dd class='wp-caption-text gallery-caption' id='gallery-1-84'>\n\t\t\t\tOspedale del Ceppo\n\t\t\t\t<\/dd><\/dl><dl class='gallery-item'>\n\t\t\t<dt class='gallery-icon landscape'>\n\t\t\t\t<a href='https:\/\/blogs.crespel.me\/italie2019\/wp-content\/uploads\/sites\/14\/2019\/06\/IMG_6388.jpg'><img loading=\"lazy\" decoding=\"async\" width=\"150\" height=\"150\" src=\"https:\/\/blogs.crespel.me\/italie2019\/wp-content\/uploads\/sites\/14\/2019\/06\/IMG_6388-150x150.jpg\" class=\"attachment-thumbnail size-thumbnail\" alt=\"\" aria-describedby=\"gallery-1-85\" \/><\/a>\n\t\t\t<\/dt>\n\t\t\t\t<dd class='wp-caption-text gallery-caption' id='gallery-1-85'>\n\t\t\t\tSotterranea Pistoia\n\t\t\t\t<\/dd><\/dl><dl class='gallery-item'>\n\t\t\t<dt class='gallery-icon landscape'>\n\t\t\t\t<a href='https:\/\/blogs.crespel.me\/italie2019\/wp-content\/uploads\/sites\/14\/2019\/06\/IMG_6394.jpg'><img loading=\"lazy\" decoding=\"async\" width=\"150\" height=\"150\" src=\"https:\/\/blogs.crespel.me\/italie2019\/wp-content\/uploads\/sites\/14\/2019\/06\/IMG_6394-150x150.jpg\" class=\"attachment-thumbnail size-thumbnail\" alt=\"\" aria-describedby=\"gallery-1-86\" \/><\/a>\n\t\t\t<\/dt>\n\t\t\t\t<dd class='wp-caption-text gallery-caption' id='gallery-1-86'>\n\t\t\t\tSotterranea Pistoia\n\t\t\t\t<\/dd><\/dl><br style=\"clear: both\" \/><dl class='gallery-item'>\n\t\t\t<dt class='gallery-icon portrait'>\n\t\t\t\t<a href='https:\/\/blogs.crespel.me\/italie2019\/wp-content\/uploads\/sites\/14\/2019\/06\/PICT1017-e1559381351270.jpg'><img loading=\"lazy\" decoding=\"async\" width=\"150\" height=\"150\" src=\"https:\/\/blogs.crespel.me\/italie2019\/wp-content\/uploads\/sites\/14\/2019\/06\/PICT1017-e1559381351270-150x150.jpg\" class=\"attachment-thumbnail size-thumbnail\" alt=\"\" aria-describedby=\"gallery-1-89\" \/><\/a>\n\t\t\t<\/dt>\n\t\t\t\t<dd class='wp-caption-text gallery-caption' id='gallery-1-89'>\n\t\t\t\tPistoia\n\t\t\t\t<\/dd><\/dl><dl class='gallery-item'>\n\t\t\t<dt class='gallery-icon landscape'>\n\t\t\t\t<a href='https:\/\/blogs.crespel.me\/italie2019\/wp-content\/uploads\/sites\/14\/2019\/06\/IMG_6405.jpg'><img loading=\"lazy\" decoding=\"async\" width=\"150\" height=\"150\" src=\"https:\/\/blogs.crespel.me\/italie2019\/wp-content\/uploads\/sites\/14\/2019\/06\/IMG_6405-150x150.jpg\" class=\"attachment-thumbnail size-thumbnail\" alt=\"\" aria-describedby=\"gallery-1-88\" \/><\/a>\n\t\t\t<\/dt>\n\t\t\t\t<dd class='wp-caption-text gallery-caption' id='gallery-1-88'>\n\t\t\t\tPiazza del Duomo \u00e0 Pistoia\n\t\t\t\t<\/dd><\/dl><dl class='gallery-item'>\n\t\t\t<dt class='gallery-icon landscape'>\n\t\t\t\t<a href='https:\/\/blogs.crespel.me\/italie2019\/wp-content\/uploads\/sites\/14\/2019\/06\/PICT1028.jpg'><img loading=\"lazy\" decoding=\"async\" width=\"150\" height=\"150\" src=\"https:\/\/blogs.crespel.me\/italie2019\/wp-content\/uploads\/sites\/14\/2019\/06\/PICT1028-150x150.jpg\" class=\"attachment-thumbnail size-thumbnail\" alt=\"\" aria-describedby=\"gallery-1-90\" \/><\/a>\n\t\t\t<\/dt>\n\t\t\t\t<dd class='wp-caption-text gallery-caption' id='gallery-1-90'>\n\t\t\t\tPiazza del Duomo \u00e0 Pistoia\n\t\t\t\t<\/dd><\/dl><br style=\"clear: both\" \/><dl class='gallery-item'>\n\t\t\t<dt class='gallery-icon portrait'>\n\t\t\t\t<a href='https:\/\/blogs.crespel.me\/italie2019\/wp-content\/uploads\/sites\/14\/2019\/06\/PICT1029-e1559381538160.jpg'><img loading=\"lazy\" decoding=\"async\" width=\"150\" height=\"150\" src=\"https:\/\/blogs.crespel.me\/italie2019\/wp-content\/uploads\/sites\/14\/2019\/06\/PICT1029-e1559381538160-150x150.jpg\" class=\"attachment-thumbnail size-thumbnail\" alt=\"\" aria-describedby=\"gallery-1-91\" \/><\/a>\n\t\t\t<\/dt>\n\t\t\t\t<dd class='wp-caption-text gallery-caption' id='gallery-1-91'>\n\t\t\t\tPiazza del Duomo \u00e0 Pistoia\n\t\t\t\t<\/dd><\/dl><dl class='gallery-item'>\n\t\t\t<dt class='gallery-icon landscape'>\n\t\t\t\t<a href='https:\/\/blogs.crespel.me\/italie2019\/wp-content\/uploads\/sites\/14\/2019\/06\/PICT1033.jpg'><img loading=\"lazy\" decoding=\"async\" width=\"150\" height=\"150\" src=\"https:\/\/blogs.crespel.me\/italie2019\/wp-content\/uploads\/sites\/14\/2019\/06\/PICT1033-150x150.jpg\" class=\"attachment-thumbnail size-thumbnail\" alt=\"\" aria-describedby=\"gallery-1-92\" \/><\/a>\n\t\t\t<\/dt>\n\t\t\t\t<dd class='wp-caption-text gallery-caption' id='gallery-1-92'>\n\t\t\t\tPiazza del Duomo \u00e0 Pistoia\n\t\t\t\t<\/dd><\/dl><dl class='gallery-item'>\n\t\t\t<dt class='gallery-icon landscape'>\n\t\t\t\t<a href='https:\/\/blogs.crespel.me\/italie2019\/wp-content\/uploads\/sites\/14\/2019\/06\/PICT1026.jpg'><img loading=\"lazy\" decoding=\"async\" width=\"150\" height=\"150\" src=\"https:\/\/blogs.crespel.me\/italie2019\/wp-content\/uploads\/sites\/14\/2019\/06\/PICT1026-150x150.jpg\" class=\"attachment-thumbnail size-thumbnail\" alt=\"\" aria-describedby=\"gallery-1-94\" \/><\/a>\n\t\t\t<\/dt>\n\t\t\t\t<dd class='wp-caption-text gallery-caption' id='gallery-1-94'>\n\t\t\t\tPiazza del Duomo \u00e0 Pistoia\n\t\t\t\t<\/dd><\/dl><br style=\"clear: both\" \/>\n\t\t<\/div>\n\n","protected":false},"excerpt":{"rendered":"<p>La Toscane, l&rsquo;Emilie-Romagne, la V\u00e9n\u00e9tie: r\u00e9gions du Nord de l&rsquo;Italie dont nous n&rsquo;avions visit\u00e9 \u00ab\u00a0que\u00a0\u00bb Florence (3j1\/2), Venise (5j) et Maranello* en 2008. J01 de Bruxelles \u00e0 Florence: vendredi 10 Mai 2019, arriv\u00e9e \u00e0 Florence Peretola vers 11h00 par le vol Brussels Airlines de 9h15. Longue r\u00e9cup\u00e9ration des bagages puis bus\/navette vers le \u00ab\u00a0chantier des [&hellip;]<\/p>\n","protected":false},"author":2,"featured_media":38,"comment_status":"open","ping_status":"open","sticky":false,"template":"","format":"standard","meta":{"footnotes":""},"categories":[1],"tags":[],"class_list":["post-34","post","type-post","status-publish","format-standard","has-post-thumbnail","hentry","category-non-classe"],"_links":{"self":[{"href":"https:\/\/blogs.crespel.me\/italie2019\/wp-json\/wp\/v2\/posts\/34","targetHints":{"allow":["GET"]}}],"collection":[{"href":"https:\/\/blogs.crespel.me\/italie2019\/wp-json\/wp\/v2\/posts"}],"about":[{"href":"https:\/\/blogs.crespel.me\/italie2019\/wp-json\/wp\/v2\/types\/post"}],"author":[{"embeddable":true,"href":"https:\/\/blogs.crespel.me\/italie2019\/wp-json\/wp\/v2\/users\/2"}],"replies":[{"embeddable":true,"href":"https:\/\/blogs.crespel.me\/italie2019\/wp-json\/wp\/v2\/comments?post=34"}],"version-history":[{"count":17,"href":"https:\/\/blogs.crespel.me\/italie2019\/wp-json\/wp\/v2\/posts\/34\/revisions"}],"predecessor-version":[{"id":844,"href":"https:\/\/blogs.crespel.me\/italie2019\/wp-json\/wp\/v2\/posts\/34\/revisions\/844"}],"wp:featuredmedia":[{"embeddable":true,"href":"https:\/\/blogs.crespel.me\/italie2019\/wp-json\/wp\/v2\/media\/38"}],"wp:attachment":[{"href":"https:\/\/blogs.crespel.me\/italie2019\/wp-json\/wp\/v2\/media?parent=34"}],"wp:term":[{"taxonomy":"category","embeddable":true,"href":"https:\/\/blogs.crespel.me\/italie2019\/wp-json\/wp\/v2\/categories?post=34"},{"taxonomy":"post_tag","embeddable":true,"href":"https:\/\/blogs.crespel.me\/italie2019\/wp-json\/wp\/v2\/tags?post=34"}],"curies":[{"name":"wp","href":"https:\/\/api.w.org\/{rel}","templated":true}]}}