{"id":228,"date":"2019-05-14T13:44:16","date_gmt":"2019-05-14T11:44:16","guid":{"rendered":"https:\/\/blogs.crespel.me\/italie2019\/?p=228"},"modified":"2019-06-16T15:53:34","modified_gmt":"2019-06-16T13:53:34","slug":"jour-05-mardi-14","status":"publish","type":"post","link":"https:\/\/blogs.crespel.me\/italie2019\/2019\/05\/14\/jour-05-mardi-14\/","title":{"rendered":"Jour 05: Mardi 14"},"content":{"rendered":"<p><strong>J05 de San Gimignano \u00e0 Sienne, par Monteriggioni<\/strong>: mardi 14 Mai 2019, la m\u00e9t\u00e9o s&rsquo;est am\u00e9lior\u00e9e. Balades et explorations \u00e0 pieds: 11,3km et l&rsquo;\u00e9quivalent de 27 \u00e9tages mont\u00e9s, pist\u00e9s par cette application smartphone.<\/p>\n<ul>\n<li>Encore un excellent conseil de notre BandB de<strong> San Gimignano<\/strong>: 2 Tours sont visitables aujourd&rsquo;hui, la Torre Salvucci***(4\u20ac\/pers.), au bord de la piazza del Erbe, ce n&rsquo;est pas la plus haute mais elle int\u00e8gre un surprenant BandB diss\u00e9min\u00e9 sur quelques \u00e9tages ! et la Casa Campatelli***(6\u20ac\/pers.) qui comporte un b\u00e2timent d&rsquo;habitation tr\u00e8s bien meubl\u00e9 (en visite comment\u00e9e, audio-guide et projection) mais dont la Tour ne se visite pas. Balade jusque la sortie Sud (Porta San Giovanni). Nous quittons \u00e0 regrets cette ville tr\u00e8s sympa pour effectuer les 25km vers <strong>Monterigionni*<\/strong> en zappant Colle di Val d&rsquo;Elsa<strong>.<\/strong><\/li>\n<li>13h15 au parking gratuit en bas du village fortifi\u00e9, grimpette facile pour ensuite le traverser (200m de long, une rue principale). Le tour est vite fait mais un des caf\u00e9s nous permet d&rsquo;y manger une petite collation. C&rsquo;est fait en 45mn pour le tout.<\/li>\n<li>Encore 16km\/25mn vers le Sud pour atteindre <strong>Sienne<\/strong> et l&rsquo;h\u00f4tel Minerva pour 2 nuits. Cet h\u00f4tel moderne de bon standing (avec garage attenant) est en bordure de la ZTL situ\u00e9e \u00e0 50m. Vigilance recommand\u00e9e. Le centre historique est distant de 1km environ. De 16h30 \u00e0 18h00 nous effectuons notre premi\u00e8re exploration des sites renomm\u00e9s (les ext\u00e9rieurs) soit la <span style=\"color: #ff0000\"><strong>piazza del Campo <\/strong>photo ci-dessus<\/span> (+ palazzo Publico et la Torre del Mangia) et la piazza du Duomo (Cath\u00e9drale Santa Maria Assunta), magnifiques !<\/li>\n<li>Le d\u00eener est \u00e0 300m \u00e0 pieds de l&rsquo;h\u00f4tel: au<a href=\"https:\/\/www.tripadvisor.fr\/ShowUserReviews-g187902-d7856626-r678242806-Salefino_Vino_e_Cucina-Siena_Tuscany.html\"> Salefino<\/a>, plats V\u00e9g\u00e9\/vegan + cadre, ambiance et service de tr\u00e8s bon niveau.<\/li>\n<\/ul>\n<p><span style=\"color: #0000ff\"><em>A voir en sus: le centre ancien de Colle di Val d&rsquo;Elsa (juste avant Monteriggioni).<\/em><\/span><\/p>\n<p><strong>Photos<\/strong>: \u00e0 San Gimignano la Tour Salvucci et la Casa Campatelli, le village fortifi\u00e9 de Monteriggioni, \u00e0 Sienne la plazza del Campo, le Duomo.<\/p>\n\n\t\t<style type=\"text\/css\">\n\t\t\t#gallery-1 {\n\t\t\t\tmargin: auto;\n\t\t\t}\n\t\t\t#gallery-1 .gallery-item {\n\t\t\t\tfloat: left;\n\t\t\t\tmargin-top: 10px;\n\t\t\t\ttext-align: center;\n\t\t\t\twidth: 33%;\n\t\t\t}\n\t\t\t#gallery-1 img {\n\t\t\t\tborder: 2px solid #cfcfcf;\n\t\t\t}\n\t\t\t#gallery-1 .gallery-caption {\n\t\t\t\tmargin-left: 0;\n\t\t\t}\n\t\t\t\/* see gallery_shortcode() in wp-includes\/media.php *\/\n\t\t<\/style>\n\t\t<div id='gallery-1' class='gallery galleryid-228 gallery-columns-3 gallery-size-thumbnail'><dl class='gallery-item'>\n\t\t\t<dt class='gallery-icon landscape'>\n\t\t\t\t<a href='https:\/\/blogs.crespel.me\/italie2019\/wp-content\/uploads\/sites\/14\/2019\/06\/PICT1397.jpg'><img loading=\"lazy\" decoding=\"async\" width=\"150\" height=\"150\" src=\"https:\/\/blogs.crespel.me\/italie2019\/wp-content\/uploads\/sites\/14\/2019\/06\/PICT1397-150x150.jpg\" class=\"attachment-thumbnail size-thumbnail\" alt=\"\" aria-describedby=\"gallery-1-242\" \/><\/a>\n\t\t\t<\/dt>\n\t\t\t\t<dd class='wp-caption-text gallery-caption' id='gallery-1-242'>\n\t\t\t\tTorre Salvucci\n\t\t\t\t<\/dd><\/dl><dl class='gallery-item'>\n\t\t\t<dt class='gallery-icon landscape'>\n\t\t\t\t<a href='https:\/\/blogs.crespel.me\/italie2019\/wp-content\/uploads\/sites\/14\/2019\/06\/IMG_6692.jpg'><img loading=\"lazy\" decoding=\"async\" width=\"150\" height=\"150\" src=\"https:\/\/blogs.crespel.me\/italie2019\/wp-content\/uploads\/sites\/14\/2019\/06\/IMG_6692-150x150.jpg\" class=\"attachment-thumbnail size-thumbnail\" alt=\"\" aria-describedby=\"gallery-1-238\" \/><\/a>\n\t\t\t<\/dt>\n\t\t\t\t<dd class='wp-caption-text gallery-caption' id='gallery-1-238'>\n\t\t\t\tTorre Salvucci\n\t\t\t\t<\/dd><\/dl><dl class='gallery-item'>\n\t\t\t<dt class='gallery-icon portrait'>\n\t\t\t\t<a href='https:\/\/blogs.crespel.me\/italie2019\/wp-content\/uploads\/sites\/14\/2019\/06\/IMG_6703-e1559919436912.jpg'><img loading=\"lazy\" decoding=\"async\" width=\"150\" height=\"150\" src=\"https:\/\/blogs.crespel.me\/italie2019\/wp-content\/uploads\/sites\/14\/2019\/06\/IMG_6703-e1559919436912-150x150.jpg\" class=\"attachment-thumbnail size-thumbnail\" alt=\"\" aria-describedby=\"gallery-1-241\" \/><\/a>\n\t\t\t<\/dt>\n\t\t\t\t<dd class='wp-caption-text gallery-caption' id='gallery-1-241'>\n\t\t\t\tTorre Salvucci\n\t\t\t\t<\/dd><\/dl><br style=\"clear: both\" \/><dl class='gallery-item'>\n\t\t\t<dt class='gallery-icon landscape'>\n\t\t\t\t<a href='https:\/\/blogs.crespel.me\/italie2019\/wp-content\/uploads\/sites\/14\/2019\/06\/IMG_6694.jpg'><img loading=\"lazy\" decoding=\"async\" width=\"150\" height=\"150\" src=\"https:\/\/blogs.crespel.me\/italie2019\/wp-content\/uploads\/sites\/14\/2019\/06\/IMG_6694-150x150.jpg\" class=\"attachment-thumbnail size-thumbnail\" alt=\"\" aria-describedby=\"gallery-1-239\" \/><\/a>\n\t\t\t<\/dt>\n\t\t\t\t<dd class='wp-caption-text gallery-caption' id='gallery-1-239'>\n\t\t\t\tTorre Salvucci\n\t\t\t\t<\/dd><\/dl><dl class='gallery-item'>\n\t\t\t<dt class='gallery-icon landscape'>\n\t\t\t\t<a href='https:\/\/blogs.crespel.me\/italie2019\/wp-content\/uploads\/sites\/14\/2019\/06\/IMG_6696.jpg'><img loading=\"lazy\" decoding=\"async\" width=\"150\" height=\"150\" src=\"https:\/\/blogs.crespel.me\/italie2019\/wp-content\/uploads\/sites\/14\/2019\/06\/IMG_6696-150x150.jpg\" class=\"attachment-thumbnail size-thumbnail\" alt=\"\" aria-describedby=\"gallery-1-240\" \/><\/a>\n\t\t\t<\/dt>\n\t\t\t\t<dd class='wp-caption-text gallery-caption' id='gallery-1-240'>\n\t\t\t\tVue de la Torre Salvucci\n\t\t\t\t<\/dd><\/dl><dl class='gallery-item'>\n\t\t\t<dt class='gallery-icon landscape'>\n\t\t\t\t<a href='https:\/\/blogs.crespel.me\/italie2019\/wp-content\/uploads\/sites\/14\/2019\/06\/PICT1413.jpg'><img loading=\"lazy\" decoding=\"async\" width=\"150\" height=\"150\" src=\"https:\/\/blogs.crespel.me\/italie2019\/wp-content\/uploads\/sites\/14\/2019\/06\/PICT1413-150x150.jpg\" class=\"attachment-thumbnail size-thumbnail\" alt=\"\" aria-describedby=\"gallery-1-243\" \/><\/a>\n\t\t\t<\/dt>\n\t\t\t\t<dd class='wp-caption-text gallery-caption' id='gallery-1-243'>\n\t\t\t\tVue de la Torre Salvucci\n\t\t\t\t<\/dd><\/dl><br style=\"clear: both\" \/><dl class='gallery-item'>\n\t\t\t<dt class='gallery-icon landscape'>\n\t\t\t\t<a href='https:\/\/blogs.crespel.me\/italie2019\/wp-content\/uploads\/sites\/14\/2019\/06\/PICT1444.jpg'><img loading=\"lazy\" decoding=\"async\" width=\"150\" height=\"150\" src=\"https:\/\/blogs.crespel.me\/italie2019\/wp-content\/uploads\/sites\/14\/2019\/06\/PICT1444-150x150.jpg\" class=\"attachment-thumbnail size-thumbnail\" alt=\"\" aria-describedby=\"gallery-1-244\" \/><\/a>\n\t\t\t<\/dt>\n\t\t\t\t<dd class='wp-caption-text gallery-caption' id='gallery-1-244'>\n\t\t\t\tCasa Campatelli\n\t\t\t\t<\/dd><\/dl><dl class='gallery-item'>\n\t\t\t<dt class='gallery-icon landscape'>\n\t\t\t\t<a href='https:\/\/blogs.crespel.me\/italie2019\/wp-content\/uploads\/sites\/14\/2019\/06\/PICT1453.jpg'><img loading=\"lazy\" decoding=\"async\" width=\"150\" height=\"150\" src=\"https:\/\/blogs.crespel.me\/italie2019\/wp-content\/uploads\/sites\/14\/2019\/06\/PICT1453-150x150.jpg\" class=\"attachment-thumbnail size-thumbnail\" alt=\"\" aria-describedby=\"gallery-1-245\" \/><\/a>\n\t\t\t<\/dt>\n\t\t\t\t<dd class='wp-caption-text gallery-caption' id='gallery-1-245'>\n\t\t\t\tCasa Campatelli\n\t\t\t\t<\/dd><\/dl><dl class='gallery-item'>\n\t\t\t<dt class='gallery-icon landscape'>\n\t\t\t\t<a href='https:\/\/blogs.crespel.me\/italie2019\/wp-content\/uploads\/sites\/14\/2019\/06\/PICT1465.jpg'><img loading=\"lazy\" decoding=\"async\" width=\"150\" height=\"150\" src=\"https:\/\/blogs.crespel.me\/italie2019\/wp-content\/uploads\/sites\/14\/2019\/06\/PICT1465-150x150.jpg\" class=\"attachment-thumbnail size-thumbnail\" alt=\"\" aria-describedby=\"gallery-1-246\" \/><\/a>\n\t\t\t<\/dt>\n\t\t\t\t<dd class='wp-caption-text gallery-caption' id='gallery-1-246'>\n\t\t\t\tCasa Campatelli\n\t\t\t\t<\/dd><\/dl><br style=\"clear: both\" \/><dl class='gallery-item'>\n\t\t\t<dt class='gallery-icon landscape'>\n\t\t\t\t<a href='https:\/\/blogs.crespel.me\/italie2019\/wp-content\/uploads\/sites\/14\/2019\/06\/PICT1442.jpg'><img loading=\"lazy\" decoding=\"async\" width=\"150\" height=\"150\" src=\"https:\/\/blogs.crespel.me\/italie2019\/wp-content\/uploads\/sites\/14\/2019\/06\/PICT1442-150x150.jpg\" class=\"attachment-thumbnail size-thumbnail\" alt=\"\" aria-describedby=\"gallery-1-253\" \/><\/a>\n\t\t\t<\/dt>\n\t\t\t\t<dd class='wp-caption-text gallery-caption' id='gallery-1-253'>\n\t\t\t\tVue de la Casa Campatelli\n\t\t\t\t<\/dd><\/dl><dl class='gallery-item'>\n\t\t\t<dt class='gallery-icon landscape'>\n\t\t\t\t<a href='https:\/\/blogs.crespel.me\/italie2019\/wp-content\/uploads\/sites\/14\/2019\/06\/PICT1481.jpg'><img loading=\"lazy\" decoding=\"async\" width=\"150\" height=\"150\" src=\"https:\/\/blogs.crespel.me\/italie2019\/wp-content\/uploads\/sites\/14\/2019\/06\/PICT1481-150x150.jpg\" class=\"attachment-thumbnail size-thumbnail\" alt=\"\" aria-describedby=\"gallery-1-254\" \/><\/a>\n\t\t\t<\/dt>\n\t\t\t\t<dd class='wp-caption-text gallery-caption' id='gallery-1-254'>\n\t\t\t\tSan Gimignano\n\t\t\t\t<\/dd><\/dl><dl class='gallery-item'>\n\t\t\t<dt class='gallery-icon landscape'>\n\t\t\t\t<a href='https:\/\/blogs.crespel.me\/italie2019\/wp-content\/uploads\/sites\/14\/2019\/06\/PICT1488.jpg'><img loading=\"lazy\" decoding=\"async\" width=\"150\" height=\"150\" src=\"https:\/\/blogs.crespel.me\/italie2019\/wp-content\/uploads\/sites\/14\/2019\/06\/PICT1488-150x150.jpg\" class=\"attachment-thumbnail size-thumbnail\" alt=\"\" aria-describedby=\"gallery-1-255\" \/><\/a>\n\t\t\t<\/dt>\n\t\t\t\t<dd class='wp-caption-text gallery-caption' id='gallery-1-255'>\n\t\t\t\tSan Gimignano\n\t\t\t\t<\/dd><\/dl><br style=\"clear: both\" \/><dl class='gallery-item'>\n\t\t\t<dt class='gallery-icon landscape'>\n\t\t\t\t<a href='https:\/\/blogs.crespel.me\/italie2019\/wp-content\/uploads\/sites\/14\/2019\/06\/PICT1506.jpg'><img loading=\"lazy\" decoding=\"async\" width=\"150\" height=\"150\" src=\"https:\/\/blogs.crespel.me\/italie2019\/wp-content\/uploads\/sites\/14\/2019\/06\/PICT1506-150x150.jpg\" class=\"attachment-thumbnail size-thumbnail\" alt=\"\" aria-describedby=\"gallery-1-250\" \/><\/a>\n\t\t\t<\/dt>\n\t\t\t\t<dd class='wp-caption-text gallery-caption' id='gallery-1-250'>\n\t\t\t\tMonteriggioni\n\t\t\t\t<\/dd><\/dl><dl class='gallery-item'>\n\t\t\t<dt class='gallery-icon portrait'>\n\t\t\t\t<a href='https:\/\/blogs.crespel.me\/italie2019\/wp-content\/uploads\/sites\/14\/2019\/06\/IMG_6734-e1559922045506.jpg'><img loading=\"lazy\" decoding=\"async\" width=\"150\" height=\"150\" src=\"https:\/\/blogs.crespel.me\/italie2019\/wp-content\/uploads\/sites\/14\/2019\/06\/IMG_6734-e1559922045506-150x150.jpg\" class=\"attachment-thumbnail size-thumbnail\" alt=\"\" aria-describedby=\"gallery-1-251\" \/><\/a>\n\t\t\t<\/dt>\n\t\t\t\t<dd class='wp-caption-text gallery-caption' id='gallery-1-251'>\n\t\t\t\tMonteriggioni\n\t\t\t\t<\/dd><\/dl><dl class='gallery-item'>\n\t\t\t<dt class='gallery-icon landscape'>\n\t\t\t\t<a href='https:\/\/blogs.crespel.me\/italie2019\/wp-content\/uploads\/sites\/14\/2019\/06\/PICT1494.jpg'><img loading=\"lazy\" decoding=\"async\" width=\"150\" height=\"150\" src=\"https:\/\/blogs.crespel.me\/italie2019\/wp-content\/uploads\/sites\/14\/2019\/06\/PICT1494-150x150.jpg\" class=\"attachment-thumbnail size-thumbnail\" alt=\"\" aria-describedby=\"gallery-1-247\" \/><\/a>\n\t\t\t<\/dt>\n\t\t\t\t<dd class='wp-caption-text gallery-caption' id='gallery-1-247'>\n\t\t\t\tMonteriggioni\n\t\t\t\t<\/dd><\/dl><br style=\"clear: both\" \/><dl class='gallery-item'>\n\t\t\t<dt class='gallery-icon landscape'>\n\t\t\t\t<a href='https:\/\/blogs.crespel.me\/italie2019\/wp-content\/uploads\/sites\/14\/2019\/06\/PICT1495.jpg'><img loading=\"lazy\" decoding=\"async\" width=\"150\" height=\"150\" src=\"https:\/\/blogs.crespel.me\/italie2019\/wp-content\/uploads\/sites\/14\/2019\/06\/PICT1495-150x150.jpg\" class=\"attachment-thumbnail size-thumbnail\" alt=\"\" aria-describedby=\"gallery-1-248\" \/><\/a>\n\t\t\t<\/dt>\n\t\t\t\t<dd class='wp-caption-text gallery-caption' id='gallery-1-248'>\n\t\t\t\tMonteriggioni\n\t\t\t\t<\/dd><\/dl><dl class='gallery-item'>\n\t\t\t<dt class='gallery-icon landscape'>\n\t\t\t\t<a href='https:\/\/blogs.crespel.me\/italie2019\/wp-content\/uploads\/sites\/14\/2019\/06\/PICT1502.jpg'><img loading=\"lazy\" decoding=\"async\" width=\"150\" height=\"150\" src=\"https:\/\/blogs.crespel.me\/italie2019\/wp-content\/uploads\/sites\/14\/2019\/06\/PICT1502-150x150.jpg\" class=\"attachment-thumbnail size-thumbnail\" alt=\"\" aria-describedby=\"gallery-1-249\" \/><\/a>\n\t\t\t<\/dt>\n\t\t\t\t<dd class='wp-caption-text gallery-caption' id='gallery-1-249'>\n\t\t\t\tMonteriggioni\n\t\t\t\t<\/dd><\/dl><dl class='gallery-item'>\n\t\t\t<dt class='gallery-icon portrait'>\n\t\t\t\t<a href='https:\/\/blogs.crespel.me\/italie2019\/wp-content\/uploads\/sites\/14\/2019\/06\/IMG_6741-e1559922060528.jpg'><img loading=\"lazy\" decoding=\"async\" width=\"150\" height=\"150\" src=\"https:\/\/blogs.crespel.me\/italie2019\/wp-content\/uploads\/sites\/14\/2019\/06\/IMG_6741-e1559922060528-150x150.jpg\" class=\"attachment-thumbnail size-thumbnail\" alt=\"\" aria-describedby=\"gallery-1-252\" \/><\/a>\n\t\t\t<\/dt>\n\t\t\t\t<dd class='wp-caption-text gallery-caption' id='gallery-1-252'>\n\t\t\t\tMonteriggioni\n\t\t\t\t<\/dd><\/dl><br style=\"clear: both\" \/><dl class='gallery-item'>\n\t\t\t<dt class='gallery-icon landscape'>\n\t\t\t\t<a href='https:\/\/blogs.crespel.me\/italie2019\/wp-content\/uploads\/sites\/14\/2019\/06\/PICT1527.jpg'><img loading=\"lazy\" decoding=\"async\" width=\"150\" height=\"150\" src=\"https:\/\/blogs.crespel.me\/italie2019\/wp-content\/uploads\/sites\/14\/2019\/06\/PICT1527-150x150.jpg\" class=\"attachment-thumbnail size-thumbnail\" alt=\"\" aria-describedby=\"gallery-1-263\" \/><\/a>\n\t\t\t<\/dt>\n\t\t\t\t<dd class='wp-caption-text gallery-caption' id='gallery-1-263'>\n\t\t\t\tPiazza del Campo\n\t\t\t\t<\/dd><\/dl><dl class='gallery-item'>\n\t\t\t<dt class='gallery-icon landscape'>\n\t\t\t\t<a href='https:\/\/blogs.crespel.me\/italie2019\/wp-content\/uploads\/sites\/14\/2019\/06\/PICT1524.jpg'><img loading=\"lazy\" decoding=\"async\" width=\"150\" height=\"150\" src=\"https:\/\/blogs.crespel.me\/italie2019\/wp-content\/uploads\/sites\/14\/2019\/06\/PICT1524-150x150.jpg\" class=\"attachment-thumbnail size-thumbnail\" alt=\"\" aria-describedby=\"gallery-1-262\" \/><\/a>\n\t\t\t<\/dt>\n\t\t\t\t<dd class='wp-caption-text gallery-caption' id='gallery-1-262'>\n\t\t\t\tFonte Gaia\n\t\t\t\t<\/dd><\/dl><dl class='gallery-item'>\n\t\t\t<dt class='gallery-icon portrait'>\n\t\t\t\t<a href='https:\/\/blogs.crespel.me\/italie2019\/wp-content\/uploads\/sites\/14\/2019\/06\/PICT1528-e1559923546291.jpg'><img loading=\"lazy\" decoding=\"async\" width=\"150\" height=\"150\" src=\"https:\/\/blogs.crespel.me\/italie2019\/wp-content\/uploads\/sites\/14\/2019\/06\/PICT1528-e1559923546291-150x150.jpg\" class=\"attachment-thumbnail size-thumbnail\" alt=\"\" aria-describedby=\"gallery-1-256\" \/><\/a>\n\t\t\t<\/dt>\n\t\t\t\t<dd class='wp-caption-text gallery-caption' id='gallery-1-256'>\n\t\t\t\tPiazza del Campo\n\t\t\t\t<\/dd><\/dl><br style=\"clear: both\" \/><dl class='gallery-item'>\n\t\t\t<dt class='gallery-icon landscape'>\n\t\t\t\t<a href='https:\/\/blogs.crespel.me\/italie2019\/wp-content\/uploads\/sites\/14\/2019\/06\/PICT1547.jpg'><img loading=\"lazy\" decoding=\"async\" width=\"150\" height=\"150\" src=\"https:\/\/blogs.crespel.me\/italie2019\/wp-content\/uploads\/sites\/14\/2019\/06\/PICT1547-150x150.jpg\" class=\"attachment-thumbnail size-thumbnail\" alt=\"\" aria-describedby=\"gallery-1-257\" \/><\/a>\n\t\t\t<\/dt>\n\t\t\t\t<dd class='wp-caption-text gallery-caption' id='gallery-1-257'>\n\t\t\t\tDuomo di Siena\n\t\t\t\t<\/dd><\/dl><dl class='gallery-item'>\n\t\t\t<dt class='gallery-icon portrait'>\n\t\t\t\t<a href='https:\/\/blogs.crespel.me\/italie2019\/wp-content\/uploads\/sites\/14\/2019\/06\/IMG_6781-e1559924259503.jpg'><img loading=\"lazy\" decoding=\"async\" width=\"150\" height=\"150\" src=\"https:\/\/blogs.crespel.me\/italie2019\/wp-content\/uploads\/sites\/14\/2019\/06\/IMG_6781-e1559924259503-150x150.jpg\" class=\"attachment-thumbnail size-thumbnail\" alt=\"\" aria-describedby=\"gallery-1-264\" \/><\/a>\n\t\t\t<\/dt>\n\t\t\t\t<dd class='wp-caption-text gallery-caption' id='gallery-1-264'>\n\t\t\t\tDuomo di Siena\n\t\t\t\t<\/dd><\/dl><dl class='gallery-item'>\n\t\t\t<dt class='gallery-icon landscape'>\n\t\t\t\t<a href='https:\/\/blogs.crespel.me\/italie2019\/wp-content\/uploads\/sites\/14\/2019\/06\/PICT1580.jpg'><img loading=\"lazy\" decoding=\"async\" width=\"150\" height=\"150\" src=\"https:\/\/blogs.crespel.me\/italie2019\/wp-content\/uploads\/sites\/14\/2019\/06\/PICT1580-150x150.jpg\" class=\"attachment-thumbnail size-thumbnail\" alt=\"\" aria-describedby=\"gallery-1-259\" \/><\/a>\n\t\t\t<\/dt>\n\t\t\t\t<dd class='wp-caption-text gallery-caption' id='gallery-1-259'>\n\t\t\t\tPiazza del Mercato et Palazzo Pubblico\n\t\t\t\t<\/dd><\/dl><br style=\"clear: both\" \/><dl class='gallery-item'>\n\t\t\t<dt class='gallery-icon landscape'>\n\t\t\t\t<a href='https:\/\/blogs.crespel.me\/italie2019\/wp-content\/uploads\/sites\/14\/2019\/06\/PICT1513.jpg'><img loading=\"lazy\" decoding=\"async\" width=\"150\" height=\"150\" src=\"https:\/\/blogs.crespel.me\/italie2019\/wp-content\/uploads\/sites\/14\/2019\/06\/PICT1513-150x150.jpg\" class=\"attachment-thumbnail size-thumbnail\" alt=\"\" aria-describedby=\"gallery-1-261\" \/><\/a>\n\t\t\t<\/dt>\n\t\t\t\t<dd class='wp-caption-text gallery-caption' id='gallery-1-261'>\n\t\t\t\tSiena\n\t\t\t\t<\/dd><\/dl><dl class='gallery-item'>\n\t\t\t<dt class='gallery-icon landscape'>\n\t\t\t\t<a href='https:\/\/blogs.crespel.me\/italie2019\/wp-content\/uploads\/sites\/14\/2019\/06\/PICT1512.jpg'><img loading=\"lazy\" decoding=\"async\" width=\"150\" height=\"150\" src=\"https:\/\/blogs.crespel.me\/italie2019\/wp-content\/uploads\/sites\/14\/2019\/06\/PICT1512-150x150.jpg\" class=\"attachment-thumbnail size-thumbnail\" alt=\"\" aria-describedby=\"gallery-1-260\" \/><\/a>\n\t\t\t<\/dt>\n\t\t\t\t<dd class='wp-caption-text gallery-caption' id='gallery-1-260'>\n\t\t\t\tSiena\n\t\t\t\t<\/dd><\/dl><dl class='gallery-item'>\n\t\t\t<dt class='gallery-icon landscape'>\n\t\t\t\t<a href='https:\/\/blogs.crespel.me\/italie2019\/wp-content\/uploads\/sites\/14\/2019\/06\/PICT1578.jpg'><img loading=\"lazy\" decoding=\"async\" width=\"150\" height=\"150\" src=\"https:\/\/blogs.crespel.me\/italie2019\/wp-content\/uploads\/sites\/14\/2019\/06\/PICT1578-150x150.jpg\" class=\"attachment-thumbnail size-thumbnail\" alt=\"\" aria-describedby=\"gallery-1-258\" \/><\/a>\n\t\t\t<\/dt>\n\t\t\t\t<dd class='wp-caption-text gallery-caption' id='gallery-1-258'>\n\t\t\t\tSiena\n\t\t\t\t<\/dd><\/dl><br style=\"clear: both\" \/>\n\t\t<\/div>\n\n","protected":false},"excerpt":{"rendered":"<p>J05 de San Gimignano \u00e0 Sienne, par Monteriggioni: mardi 14 Mai 2019, la m\u00e9t\u00e9o s&rsquo;est am\u00e9lior\u00e9e. Balades et explorations \u00e0 pieds: 11,3km et l&rsquo;\u00e9quivalent de 27 \u00e9tages mont\u00e9s, pist\u00e9s par cette application smartphone. Encore un excellent conseil de notre BandB de San Gimignano: 2 Tours sont visitables aujourd&rsquo;hui, la Torre Salvucci***(4\u20ac\/pers.), au bord de la [&hellip;]<\/p>\n","protected":false},"author":2,"featured_media":234,"comment_status":"open","ping_status":"open","sticky":false,"template":"","format":"standard","meta":{"footnotes":""},"categories":[1],"tags":[],"class_list":["post-228","post","type-post","status-publish","format-standard","has-post-thumbnail","hentry","category-non-classe"],"_links":{"self":[{"href":"https:\/\/blogs.crespel.me\/italie2019\/wp-json\/wp\/v2\/posts\/228","targetHints":{"allow":["GET"]}}],"collection":[{"href":"https:\/\/blogs.crespel.me\/italie2019\/wp-json\/wp\/v2\/posts"}],"about":[{"href":"https:\/\/blogs.crespel.me\/italie2019\/wp-json\/wp\/v2\/types\/post"}],"author":[{"embeddable":true,"href":"https:\/\/blogs.crespel.me\/italie2019\/wp-json\/wp\/v2\/users\/2"}],"replies":[{"embeddable":true,"href":"https:\/\/blogs.crespel.me\/italie2019\/wp-json\/wp\/v2\/comments?post=228"}],"version-history":[{"count":12,"href":"https:\/\/blogs.crespel.me\/italie2019\/wp-json\/wp\/v2\/posts\/228\/revisions"}],"predecessor-version":[{"id":827,"href":"https:\/\/blogs.crespel.me\/italie2019\/wp-json\/wp\/v2\/posts\/228\/revisions\/827"}],"wp:featuredmedia":[{"embeddable":true,"href":"https:\/\/blogs.crespel.me\/italie2019\/wp-json\/wp\/v2\/media\/234"}],"wp:attachment":[{"href":"https:\/\/blogs.crespel.me\/italie2019\/wp-json\/wp\/v2\/media?parent=228"}],"wp:term":[{"taxonomy":"category","embeddable":true,"href":"https:\/\/blogs.crespel.me\/italie2019\/wp-json\/wp\/v2\/categories?post=228"},{"taxonomy":"post_tag","embeddable":true,"href":"https:\/\/blogs.crespel.me\/italie2019\/wp-json\/wp\/v2\/tags?post=228"}],"curies":[{"name":"wp","href":"https:\/\/api.w.org\/{rel}","templated":true}]}}