{"id":130,"date":"2019-05-12T10:07:10","date_gmt":"2019-05-12T08:07:10","guid":{"rendered":"https:\/\/blogs.crespel.me\/italie2019\/?p=130"},"modified":"2019-06-16T15:49:38","modified_gmt":"2019-06-16T13:49:38","slug":"jour-03-dimanche-12","status":"publish","type":"post","link":"https:\/\/blogs.crespel.me\/italie2019\/2019\/05\/12\/jour-03-dimanche-12\/","title":{"rendered":"Jour 03 Dimanche 12"},"content":{"rendered":"<p><strong>J03 de Lucques\/Lucca \u00e0 Volterra par Pise<\/strong>: dimanche 12 Mai 2019, journ\u00e9e principalement centr\u00e9e sur Pise \u00e0 21km\/35mn, et finie \u00e0 Volterra \u00e0 67km\/1h15. Balades et explorations \u00e0 pieds: 9,6km et l&rsquo;\u00e9quivalent de 30 \u00e9tages mont\u00e9s, pist\u00e9s par cette application smartphone.<\/p>\n<ul>\n<li>En se garant au parking de la via Pieve (pr\u00e8s de l&rsquo;arena Garibaldi) il ne reste que 200m\/5mn \u00e0 pieds pour \u00ab\u00a0tomber\u00a0\u00bb sur la c\u00e9l\u00e8bre Tour pench\u00e9e, et elle penche bien !<\/li>\n<li>C&rsquo;est dimanche, il fait tr\u00e8s beau et tous ces superbes b\u00e2timents blancs sont \u00e9clatants. Il n&rsquo;est que 10h45 et la foule des visiteurs commence \u00e0 envahir le site. Heureusement la plupart \u00ab\u00a0se contente\u00a0\u00bb des ext\u00e9rieurs (le Duomo** est gratuit, mais 7\u20ac\/pers. pour le Baptist\u00e8re** et le cimeti\u00e8re monumental***. le mus\u00e9e et la mont\u00e9e de la Tour sont en sus). compter 1h30\/2h00 pour cette partie. C&rsquo;est magnifique et \u00e7a vaut le coup d&rsquo;examiner sous tous les angles cet ensemble immacul\u00e9.<\/li>\n<li>Rejoindre ensuite la piazza dei Cavalieri \u00e0 5\/600m par les rues\/ruelles du centre ville (quelques b\u00e2timents int\u00e9ressants).<\/li>\n<li>Encore 350m pour atteindre l&rsquo;Arno qui d\u00e9crit une large boucle devant le plus vieux caf\u00e9 de Pise, le <a href=\"https:\/\/www.tripadvisor.fr\/ShowUserReviews-g187899-d6437229-r677996480-Caffe_Dell_ussero-Pisa_Province_of_Pisa_Tuscany.html\">Caffe Dell&rsquo;ussero<\/a>, fa\u00e7ade rouge et pench\u00e9e, accueil sympa, o\u00f9 nous mangeons sur le pouce (avec un petit blanc, bien s\u00fbr). Il faut arpenter ensuite les 2 rives entre le ponte di Mezzo et le ponte Solferino (500m), voir la chiesa Santa Maria della Spina. Vues typiques garanties.<\/li>\n<li>Il est pr\u00e8s de 14h00 quand nous quittons Pise pour Volterra, au Sud. Heureusement une d\u00e9pose des valises est possible assez pr\u00e8s (en ZTL) de l&rsquo;Albergo Etruria en plein centre historique. Il faut redescendre au parking gratuit de la porta et fonti di Docciola et remonter les escaliers pentus pour enfin arpenter ce joli village d\u00e8s 17h00.<\/li>\n<li>Dans un cadre original, le d\u00eener avec vue des ruines Etrusques sous nos pieds, au V\u00e9g\u00e9\/Vegan<a href=\"https:\/\/www.tripadvisor.fr\/ShowUserReviews-g194951-d14055192-r678002182-Life_Bistrot_Plant_Based_Restaurant_Archaeological_Site-Volterra_Province_of_Pi.html\"> Life bistrot<\/a> un peu plus bas sur la rue principale, sympa et bien !<\/li>\n<li>Retour \u00e0 l&rsquo;h\u00f4tel o\u00f9 notre belle chambre du 2\u00e8me \u00e9tage nous attends.<\/li>\n<\/ul>\n<p><em><span style=\"color: #0000ff\">A voir en sus \u00e0 Pise, le mus\u00e9e de l&rsquo;Op\u00e9ra (pr\u00e9vu mais zapp\u00e9) sur la piazza dei Miracoli.<\/span><\/em><\/p>\n<p><strong>Photos<\/strong>: \u00e0 Pise (piazza dei Miracoli, centre ville et bords de l&rsquo;Arno) puis Volterra (centre historique).<\/p>\n\n\t\t<style type=\"text\/css\">\n\t\t\t#gallery-1 {\n\t\t\t\tmargin: auto;\n\t\t\t}\n\t\t\t#gallery-1 .gallery-item {\n\t\t\t\tfloat: left;\n\t\t\t\tmargin-top: 10px;\n\t\t\t\ttext-align: center;\n\t\t\t\twidth: 33%;\n\t\t\t}\n\t\t\t#gallery-1 img {\n\t\t\t\tborder: 2px solid #cfcfcf;\n\t\t\t}\n\t\t\t#gallery-1 .gallery-caption {\n\t\t\t\tmargin-left: 0;\n\t\t\t}\n\t\t\t\/* see gallery_shortcode() in wp-includes\/media.php *\/\n\t\t<\/style>\n\t\t<div id='gallery-1' class='gallery galleryid-130 gallery-columns-3 gallery-size-thumbnail'><dl class='gallery-item'>\n\t\t\t<dt class='gallery-icon portrait'>\n\t\t\t\t<a href='https:\/\/blogs.crespel.me\/italie2019\/wp-content\/uploads\/sites\/14\/2019\/06\/IMG_6509-e1559822368468.jpg'><img loading=\"lazy\" decoding=\"async\" width=\"150\" height=\"150\" src=\"https:\/\/blogs.crespel.me\/italie2019\/wp-content\/uploads\/sites\/14\/2019\/06\/IMG_6509-e1559822368468-150x150.jpg\" class=\"attachment-thumbnail size-thumbnail\" alt=\"\" aria-describedby=\"gallery-1-153\" \/><\/a>\n\t\t\t<\/dt>\n\t\t\t\t<dd class='wp-caption-text gallery-caption' id='gallery-1-153'>\n\t\t\t\tTour de Pise\n\t\t\t\t<\/dd><\/dl><dl class='gallery-item'>\n\t\t\t<dt class='gallery-icon landscape'>\n\t\t\t\t<a href='https:\/\/blogs.crespel.me\/italie2019\/wp-content\/uploads\/sites\/14\/2019\/06\/IMG_6511.jpg'><img loading=\"lazy\" decoding=\"async\" width=\"150\" height=\"150\" src=\"https:\/\/blogs.crespel.me\/italie2019\/wp-content\/uploads\/sites\/14\/2019\/06\/IMG_6511-150x150.jpg\" class=\"attachment-thumbnail size-thumbnail\" alt=\"\" aria-describedby=\"gallery-1-154\" \/><\/a>\n\t\t\t<\/dt>\n\t\t\t\t<dd class='wp-caption-text gallery-caption' id='gallery-1-154'>\n\t\t\t\tCath\u00e9drale de Pise\n\t\t\t\t<\/dd><\/dl><dl class='gallery-item'>\n\t\t\t<dt class='gallery-icon landscape'>\n\t\t\t\t<a href='https:\/\/blogs.crespel.me\/italie2019\/wp-content\/uploads\/sites\/14\/2019\/06\/IMG_6515.jpg'><img loading=\"lazy\" decoding=\"async\" width=\"150\" height=\"150\" src=\"https:\/\/blogs.crespel.me\/italie2019\/wp-content\/uploads\/sites\/14\/2019\/06\/IMG_6515-150x150.jpg\" class=\"attachment-thumbnail size-thumbnail\" alt=\"\" aria-describedby=\"gallery-1-155\" \/><\/a>\n\t\t\t<\/dt>\n\t\t\t\t<dd class='wp-caption-text gallery-caption' id='gallery-1-155'>\n\t\t\t\tBaptist\u00e8re de Pise\n\t\t\t\t<\/dd><\/dl><br style=\"clear: both\" \/><dl class='gallery-item'>\n\t\t\t<dt class='gallery-icon landscape'>\n\t\t\t\t<a href='https:\/\/blogs.crespel.me\/italie2019\/wp-content\/uploads\/sites\/14\/2019\/06\/IMG_6516.jpg'><img loading=\"lazy\" decoding=\"async\" width=\"150\" height=\"150\" src=\"https:\/\/blogs.crespel.me\/italie2019\/wp-content\/uploads\/sites\/14\/2019\/06\/IMG_6516-150x150.jpg\" class=\"attachment-thumbnail size-thumbnail\" alt=\"\" aria-describedby=\"gallery-1-156\" \/><\/a>\n\t\t\t<\/dt>\n\t\t\t\t<dd class='wp-caption-text gallery-caption' id='gallery-1-156'>\n\t\t\t\tCath\u00e9drale et Tour de Pise\n\t\t\t\t<\/dd><\/dl><dl class='gallery-item'>\n\t\t\t<dt class='gallery-icon landscape'>\n\t\t\t\t<a href='https:\/\/blogs.crespel.me\/italie2019\/wp-content\/uploads\/sites\/14\/2019\/06\/IMG_6537.jpg'><img loading=\"lazy\" decoding=\"async\" width=\"150\" height=\"150\" src=\"https:\/\/blogs.crespel.me\/italie2019\/wp-content\/uploads\/sites\/14\/2019\/06\/IMG_6537-150x150.jpg\" class=\"attachment-thumbnail size-thumbnail\" alt=\"\" aria-describedby=\"gallery-1-158\" \/><\/a>\n\t\t\t<\/dt>\n\t\t\t\t<dd class='wp-caption-text gallery-caption' id='gallery-1-158'>\n\t\t\t\tCimeti\u00e8re monumental de Pise\n\t\t\t\t<\/dd><\/dl><dl class='gallery-item'>\n\t\t\t<dt class='gallery-icon landscape'>\n\t\t\t\t<a href='https:\/\/blogs.crespel.me\/italie2019\/wp-content\/uploads\/sites\/14\/2019\/06\/IMG_6522.jpg'><img loading=\"lazy\" decoding=\"async\" width=\"150\" height=\"150\" src=\"https:\/\/blogs.crespel.me\/italie2019\/wp-content\/uploads\/sites\/14\/2019\/06\/IMG_6522-150x150.jpg\" class=\"attachment-thumbnail size-thumbnail\" alt=\"\" aria-describedby=\"gallery-1-157\" \/><\/a>\n\t\t\t<\/dt>\n\t\t\t\t<dd class='wp-caption-text gallery-caption' id='gallery-1-157'>\n\t\t\t\tRemparts de Pise\n\t\t\t\t<\/dd><\/dl><br style=\"clear: both\" \/><dl class='gallery-item'>\n\t\t\t<dt class='gallery-icon landscape'>\n\t\t\t\t<a href='https:\/\/blogs.crespel.me\/italie2019\/wp-content\/uploads\/sites\/14\/2019\/06\/PICT1178.jpg'><img loading=\"lazy\" decoding=\"async\" width=\"150\" height=\"150\" src=\"https:\/\/blogs.crespel.me\/italie2019\/wp-content\/uploads\/sites\/14\/2019\/06\/PICT1178-150x150.jpg\" class=\"attachment-thumbnail size-thumbnail\" alt=\"\" aria-describedby=\"gallery-1-159\" \/><\/a>\n\t\t\t<\/dt>\n\t\t\t\t<dd class='wp-caption-text gallery-caption' id='gallery-1-159'>\n\t\t\t\tCath\u00e9drale de Pise\n\t\t\t\t<\/dd><\/dl><dl class='gallery-item'>\n\t\t\t<dt class='gallery-icon landscape'>\n\t\t\t\t<a href='https:\/\/blogs.crespel.me\/italie2019\/wp-content\/uploads\/sites\/14\/2019\/06\/PICT1191.jpg'><img loading=\"lazy\" decoding=\"async\" width=\"150\" height=\"150\" src=\"https:\/\/blogs.crespel.me\/italie2019\/wp-content\/uploads\/sites\/14\/2019\/06\/PICT1191-150x150.jpg\" class=\"attachment-thumbnail size-thumbnail\" alt=\"\" aria-describedby=\"gallery-1-161\" \/><\/a>\n\t\t\t<\/dt>\n\t\t\t\t<dd class='wp-caption-text gallery-caption' id='gallery-1-161'>\n\t\t\t\tBaptist\u00e8re de Pise\n\t\t\t\t<\/dd><\/dl><dl class='gallery-item'>\n\t\t\t<dt class='gallery-icon landscape'>\n\t\t\t\t<a href='https:\/\/blogs.crespel.me\/italie2019\/wp-content\/uploads\/sites\/14\/2019\/06\/PICT1193.jpg'><img loading=\"lazy\" decoding=\"async\" width=\"150\" height=\"150\" src=\"https:\/\/blogs.crespel.me\/italie2019\/wp-content\/uploads\/sites\/14\/2019\/06\/PICT1193-150x150.jpg\" class=\"attachment-thumbnail size-thumbnail\" alt=\"\" aria-describedby=\"gallery-1-162\" \/><\/a>\n\t\t\t<\/dt>\n\t\t\t\t<dd class='wp-caption-text gallery-caption' id='gallery-1-162'>\n\t\t\t\tBaptist\u00e8re de Pise\n\t\t\t\t<\/dd><\/dl><br style=\"clear: both\" \/><dl class='gallery-item'>\n\t\t\t<dt class='gallery-icon landscape'>\n\t\t\t\t<a href='https:\/\/blogs.crespel.me\/italie2019\/wp-content\/uploads\/sites\/14\/2019\/06\/PICT1218.jpg'><img loading=\"lazy\" decoding=\"async\" width=\"150\" height=\"150\" src=\"https:\/\/blogs.crespel.me\/italie2019\/wp-content\/uploads\/sites\/14\/2019\/06\/PICT1218-150x150.jpg\" class=\"attachment-thumbnail size-thumbnail\" alt=\"\" aria-describedby=\"gallery-1-163\" \/><\/a>\n\t\t\t<\/dt>\n\t\t\t\t<dd class='wp-caption-text gallery-caption' id='gallery-1-163'>\n\t\t\t\tCimeti\u00e8re monumental de Pise\n\t\t\t\t<\/dd><\/dl><dl class='gallery-item'>\n\t\t\t<dt class='gallery-icon landscape'>\n\t\t\t\t<a href='https:\/\/blogs.crespel.me\/italie2019\/wp-content\/uploads\/sites\/14\/2019\/06\/PICT1227.jpg'><img loading=\"lazy\" decoding=\"async\" width=\"150\" height=\"150\" src=\"https:\/\/blogs.crespel.me\/italie2019\/wp-content\/uploads\/sites\/14\/2019\/06\/PICT1227-150x150.jpg\" class=\"attachment-thumbnail size-thumbnail\" alt=\"\" aria-describedby=\"gallery-1-164\" \/><\/a>\n\t\t\t<\/dt>\n\t\t\t\t<dd class='wp-caption-text gallery-caption' id='gallery-1-164'>\n\t\t\t\tCimeti\u00e8re monumental de Pise\n\t\t\t\t<\/dd><\/dl><dl class='gallery-item'>\n\t\t\t<dt class='gallery-icon landscape'>\n\t\t\t\t<a href='https:\/\/blogs.crespel.me\/italie2019\/wp-content\/uploads\/sites\/14\/2019\/06\/PICT1238.jpg'><img loading=\"lazy\" decoding=\"async\" width=\"150\" height=\"150\" src=\"https:\/\/blogs.crespel.me\/italie2019\/wp-content\/uploads\/sites\/14\/2019\/06\/PICT1238-150x150.jpg\" class=\"attachment-thumbnail size-thumbnail\" alt=\"\" aria-describedby=\"gallery-1-165\" \/><\/a>\n\t\t\t<\/dt>\n\t\t\t\t<dd class='wp-caption-text gallery-caption' id='gallery-1-165'>\n\t\t\t\tCimeti\u00e8re monumental de Pise\n\t\t\t\t<\/dd><\/dl><br style=\"clear: both\" \/><dl class='gallery-item'>\n\t\t\t<dt class='gallery-icon landscape'>\n\t\t\t\t<a href='https:\/\/blogs.crespel.me\/italie2019\/wp-content\/uploads\/sites\/14\/2019\/06\/PICT1249.jpg'><img loading=\"lazy\" decoding=\"async\" width=\"150\" height=\"150\" src=\"https:\/\/blogs.crespel.me\/italie2019\/wp-content\/uploads\/sites\/14\/2019\/06\/PICT1249-150x150.jpg\" class=\"attachment-thumbnail size-thumbnail\" alt=\"\" aria-describedby=\"gallery-1-166\" \/><\/a>\n\t\t\t<\/dt>\n\t\t\t\t<dd class='wp-caption-text gallery-caption' id='gallery-1-166'>\n\t\t\t\tPiazza dei Cavalieri\n\t\t\t\t<\/dd><\/dl><dl class='gallery-item'>\n\t\t\t<dt class='gallery-icon landscape'>\n\t\t\t\t<a href='https:\/\/blogs.crespel.me\/italie2019\/wp-content\/uploads\/sites\/14\/2019\/06\/PICT1250.jpg'><img loading=\"lazy\" decoding=\"async\" width=\"150\" height=\"150\" src=\"https:\/\/blogs.crespel.me\/italie2019\/wp-content\/uploads\/sites\/14\/2019\/06\/PICT1250-150x150.jpg\" class=\"attachment-thumbnail size-thumbnail\" alt=\"\" aria-describedby=\"gallery-1-167\" \/><\/a>\n\t\t\t<\/dt>\n\t\t\t\t<dd class='wp-caption-text gallery-caption' id='gallery-1-167'>\n\t\t\t\tPiazza dei Cavalieri\n\t\t\t\t<\/dd><\/dl><dl class='gallery-item'>\n\t\t\t<dt class='gallery-icon landscape'>\n\t\t\t\t<a href='https:\/\/blogs.crespel.me\/italie2019\/wp-content\/uploads\/sites\/14\/2019\/06\/PICT1252.jpg'><img loading=\"lazy\" decoding=\"async\" width=\"150\" height=\"150\" src=\"https:\/\/blogs.crespel.me\/italie2019\/wp-content\/uploads\/sites\/14\/2019\/06\/PICT1252-150x150.jpg\" class=\"attachment-thumbnail size-thumbnail\" alt=\"\" aria-describedby=\"gallery-1-168\" \/><\/a>\n\t\t\t<\/dt>\n\t\t\t\t<dd class='wp-caption-text gallery-caption' id='gallery-1-168'>\n\t\t\t\tPiazza dei Cavalieri\n\t\t\t\t<\/dd><\/dl><br style=\"clear: both\" \/><dl class='gallery-item'>\n\t\t\t<dt class='gallery-icon landscape'>\n\t\t\t\t<a href='https:\/\/blogs.crespel.me\/italie2019\/wp-content\/uploads\/sites\/14\/2019\/06\/PICT1254.jpg'><img loading=\"lazy\" decoding=\"async\" width=\"150\" height=\"150\" src=\"https:\/\/blogs.crespel.me\/italie2019\/wp-content\/uploads\/sites\/14\/2019\/06\/PICT1254-150x150.jpg\" class=\"attachment-thumbnail size-thumbnail\" alt=\"\" aria-describedby=\"gallery-1-169\" \/><\/a>\n\t\t\t<\/dt>\n\t\t\t\t<dd class='wp-caption-text gallery-caption' id='gallery-1-169'>\n\t\t\t\tPise\n\t\t\t\t<\/dd><\/dl><dl class='gallery-item'>\n\t\t\t<dt class='gallery-icon landscape'>\n\t\t\t\t<a href='https:\/\/blogs.crespel.me\/italie2019\/wp-content\/uploads\/sites\/14\/2019\/06\/PICT1255.jpg'><img loading=\"lazy\" decoding=\"async\" width=\"150\" height=\"150\" src=\"https:\/\/blogs.crespel.me\/italie2019\/wp-content\/uploads\/sites\/14\/2019\/06\/PICT1255-150x150.jpg\" class=\"attachment-thumbnail size-thumbnail\" alt=\"\" aria-describedby=\"gallery-1-170\" \/><\/a>\n\t\t\t<\/dt>\n\t\t\t\t<dd class='wp-caption-text gallery-caption' id='gallery-1-170'>\n\t\t\t\tPise\n\t\t\t\t<\/dd><\/dl><dl class='gallery-item'>\n\t\t\t<dt class='gallery-icon landscape'>\n\t\t\t\t<a href='https:\/\/blogs.crespel.me\/italie2019\/wp-content\/uploads\/sites\/14\/2019\/06\/PICT1261.jpg'><img loading=\"lazy\" decoding=\"async\" width=\"150\" height=\"150\" src=\"https:\/\/blogs.crespel.me\/italie2019\/wp-content\/uploads\/sites\/14\/2019\/06\/PICT1261-150x150.jpg\" class=\"attachment-thumbnail size-thumbnail\" alt=\"\" aria-describedby=\"gallery-1-174\" \/><\/a>\n\t\t\t<\/dt>\n\t\t\t\t<dd class='wp-caption-text gallery-caption' id='gallery-1-174'>\n\t\t\t\tPise\n\t\t\t\t<\/dd><\/dl><br style=\"clear: both\" \/><dl class='gallery-item'>\n\t\t\t<dt class='gallery-icon landscape'>\n\t\t\t\t<a href='https:\/\/blogs.crespel.me\/italie2019\/wp-content\/uploads\/sites\/14\/2019\/06\/IMG_6569.jpg'><img loading=\"lazy\" decoding=\"async\" width=\"150\" height=\"150\" src=\"https:\/\/blogs.crespel.me\/italie2019\/wp-content\/uploads\/sites\/14\/2019\/06\/IMG_6569-150x150.jpg\" class=\"attachment-thumbnail size-thumbnail\" alt=\"\" aria-describedby=\"gallery-1-172\" \/><\/a>\n\t\t\t<\/dt>\n\t\t\t\t<dd class='wp-caption-text gallery-caption' id='gallery-1-172'>\n\t\t\t\tPise\n\t\t\t\t<\/dd><\/dl><dl class='gallery-item'>\n\t\t\t<dt class='gallery-icon portrait'>\n\t\t\t\t<a href='https:\/\/blogs.crespel.me\/italie2019\/wp-content\/uploads\/sites\/14\/2019\/06\/PICT1260-e1559824354330.jpg'><img loading=\"lazy\" decoding=\"async\" width=\"150\" height=\"150\" src=\"https:\/\/blogs.crespel.me\/italie2019\/wp-content\/uploads\/sites\/14\/2019\/06\/PICT1260-e1559824354330-150x150.jpg\" class=\"attachment-thumbnail size-thumbnail\" alt=\"\" aria-describedby=\"gallery-1-171\" \/><\/a>\n\t\t\t<\/dt>\n\t\t\t\t<dd class='wp-caption-text gallery-caption' id='gallery-1-171'>\n\t\t\t\tPise\n\t\t\t\t<\/dd><\/dl><dl class='gallery-item'>\n\t\t\t<dt class='gallery-icon landscape'>\n\t\t\t\t<a href='https:\/\/blogs.crespel.me\/italie2019\/wp-content\/uploads\/sites\/14\/2019\/06\/IMG_6571.jpg'><img loading=\"lazy\" decoding=\"async\" width=\"150\" height=\"150\" src=\"https:\/\/blogs.crespel.me\/italie2019\/wp-content\/uploads\/sites\/14\/2019\/06\/IMG_6571-150x150.jpg\" class=\"attachment-thumbnail size-thumbnail\" alt=\"\" aria-describedby=\"gallery-1-173\" \/><\/a>\n\t\t\t<\/dt>\n\t\t\t\t<dd class='wp-caption-text gallery-caption' id='gallery-1-173'>\n\t\t\t\tPise\n\t\t\t\t<\/dd><\/dl><br style=\"clear: both\" \/><dl class='gallery-item'>\n\t\t\t<dt class='gallery-icon portrait'>\n\t\t\t\t<a href='https:\/\/blogs.crespel.me\/italie2019\/wp-content\/uploads\/sites\/14\/2019\/06\/IMG_5251-e1559824944256.jpg'><img loading=\"lazy\" decoding=\"async\" width=\"150\" height=\"150\" src=\"https:\/\/blogs.crespel.me\/italie2019\/wp-content\/uploads\/sites\/14\/2019\/06\/IMG_5251-e1559824944256-150x150.jpg\" class=\"attachment-thumbnail size-thumbnail\" alt=\"\" aria-describedby=\"gallery-1-175\" \/><\/a>\n\t\t\t<\/dt>\n\t\t\t\t<dd class='wp-caption-text gallery-caption' id='gallery-1-175'>\n\t\t\t\tPorta et Fonti di Docciola\n\t\t\t\t<\/dd><\/dl><dl class='gallery-item'>\n\t\t\t<dt class='gallery-icon landscape'>\n\t\t\t\t<a href='https:\/\/blogs.crespel.me\/italie2019\/wp-content\/uploads\/sites\/14\/2019\/06\/PICT1289.jpg'><img loading=\"lazy\" decoding=\"async\" width=\"150\" height=\"150\" src=\"https:\/\/blogs.crespel.me\/italie2019\/wp-content\/uploads\/sites\/14\/2019\/06\/PICT1289-150x150.jpg\" class=\"attachment-thumbnail size-thumbnail\" alt=\"\" aria-describedby=\"gallery-1-177\" \/><\/a>\n\t\t\t<\/dt>\n\t\t\t\t<dd class='wp-caption-text gallery-caption' id='gallery-1-177'>\n\t\t\t\tVolterra\n\t\t\t\t<\/dd><\/dl><dl class='gallery-item'>\n\t\t\t<dt class='gallery-icon landscape'>\n\t\t\t\t<a href='https:\/\/blogs.crespel.me\/italie2019\/wp-content\/uploads\/sites\/14\/2019\/06\/IMG_6593.jpg'><img loading=\"lazy\" decoding=\"async\" width=\"150\" height=\"150\" src=\"https:\/\/blogs.crespel.me\/italie2019\/wp-content\/uploads\/sites\/14\/2019\/06\/IMG_6593-150x150.jpg\" class=\"attachment-thumbnail size-thumbnail\" alt=\"\" aria-describedby=\"gallery-1-176\" \/><\/a>\n\t\t\t<\/dt>\n\t\t\t\t<dd class='wp-caption-text gallery-caption' id='gallery-1-176'>\n\t\t\t\tVolterra\n\t\t\t\t<\/dd><\/dl><br style=\"clear: both\" \/><dl class='gallery-item'>\n\t\t\t<dt class='gallery-icon landscape'>\n\t\t\t\t<a href='https:\/\/blogs.crespel.me\/italie2019\/wp-content\/uploads\/sites\/14\/2019\/06\/PICT1295.jpg'><img loading=\"lazy\" decoding=\"async\" width=\"150\" height=\"150\" src=\"https:\/\/blogs.crespel.me\/italie2019\/wp-content\/uploads\/sites\/14\/2019\/06\/PICT1295-150x150.jpg\" class=\"attachment-thumbnail size-thumbnail\" alt=\"\" aria-describedby=\"gallery-1-178\" \/><\/a>\n\t\t\t<\/dt>\n\t\t\t\t<dd class='wp-caption-text gallery-caption' id='gallery-1-178'>\n\t\t\t\tVolterra\n\t\t\t\t<\/dd><\/dl><dl class='gallery-item'>\n\t\t\t<dt class='gallery-icon portrait'>\n\t\t\t\t<a href='https:\/\/blogs.crespel.me\/italie2019\/wp-content\/uploads\/sites\/14\/2019\/06\/PICT1296-e1559825427948.jpg'><img loading=\"lazy\" decoding=\"async\" width=\"150\" height=\"150\" src=\"https:\/\/blogs.crespel.me\/italie2019\/wp-content\/uploads\/sites\/14\/2019\/06\/PICT1296-e1559825427948-150x150.jpg\" class=\"attachment-thumbnail size-thumbnail\" alt=\"\" aria-describedby=\"gallery-1-179\" \/><\/a>\n\t\t\t<\/dt>\n\t\t\t\t<dd class='wp-caption-text gallery-caption' id='gallery-1-179'>\n\t\t\t\tVolterra\n\t\t\t\t<\/dd><\/dl><dl class='gallery-item'>\n\t\t\t<dt class='gallery-icon landscape'>\n\t\t\t\t<a href='https:\/\/blogs.crespel.me\/italie2019\/wp-content\/uploads\/sites\/14\/2019\/06\/PICT1307.jpg'><img loading=\"lazy\" decoding=\"async\" width=\"150\" height=\"150\" src=\"https:\/\/blogs.crespel.me\/italie2019\/wp-content\/uploads\/sites\/14\/2019\/06\/PICT1307-150x150.jpg\" class=\"attachment-thumbnail size-thumbnail\" alt=\"\" aria-describedby=\"gallery-1-180\" \/><\/a>\n\t\t\t<\/dt>\n\t\t\t\t<dd class='wp-caption-text gallery-caption' id='gallery-1-180'>\n\t\t\t\tVolterra\n\t\t\t\t<\/dd><\/dl><br style=\"clear: both\" \/><dl class='gallery-item'>\n\t\t\t<dt class='gallery-icon landscape'>\n\t\t\t\t<a href='https:\/\/blogs.crespel.me\/italie2019\/wp-content\/uploads\/sites\/14\/2019\/06\/PICT1311.jpg'><img loading=\"lazy\" decoding=\"async\" width=\"150\" height=\"150\" src=\"https:\/\/blogs.crespel.me\/italie2019\/wp-content\/uploads\/sites\/14\/2019\/06\/PICT1311-150x150.jpg\" class=\"attachment-thumbnail size-thumbnail\" alt=\"\" aria-describedby=\"gallery-1-181\" \/><\/a>\n\t\t\t<\/dt>\n\t\t\t\t<dd class='wp-caption-text gallery-caption' id='gallery-1-181'>\n\t\t\t\tPiazza dei Priori \u00e0 Volterra\n\t\t\t\t<\/dd><\/dl><dl class='gallery-item'>\n\t\t\t<dt class='gallery-icon landscape'>\n\t\t\t\t<a href='https:\/\/blogs.crespel.me\/italie2019\/wp-content\/uploads\/sites\/14\/2019\/06\/PICT1303.jpg'><img loading=\"lazy\" decoding=\"async\" width=\"150\" height=\"150\" src=\"https:\/\/blogs.crespel.me\/italie2019\/wp-content\/uploads\/sites\/14\/2019\/06\/PICT1303-150x150.jpg\" class=\"attachment-thumbnail size-thumbnail\" alt=\"\" aria-describedby=\"gallery-1-182\" \/><\/a>\n\t\t\t<\/dt>\n\t\t\t\t<dd class='wp-caption-text gallery-caption' id='gallery-1-182'>\n\t\t\t\tVolterra\n\t\t\t\t<\/dd><\/dl><dl class='gallery-item'>\n\t\t\t<dt class='gallery-icon portrait'>\n\t\t\t\t<a href='https:\/\/blogs.crespel.me\/italie2019\/wp-content\/uploads\/sites\/14\/2019\/06\/IMG_6605-e1559825709152.jpg'><img loading=\"lazy\" decoding=\"async\" width=\"150\" height=\"150\" src=\"https:\/\/blogs.crespel.me\/italie2019\/wp-content\/uploads\/sites\/14\/2019\/06\/IMG_6605-e1559825709152-150x150.jpg\" class=\"attachment-thumbnail size-thumbnail\" alt=\"\" aria-describedby=\"gallery-1-184\" \/><\/a>\n\t\t\t<\/dt>\n\t\t\t\t<dd class='wp-caption-text gallery-caption' id='gallery-1-184'>\n\t\t\t\tPiazza dei Priori \u00e0 Volterra\n\t\t\t\t<\/dd><\/dl><br style=\"clear: both\" \/>\n\t\t<\/div>\n\n","protected":false},"excerpt":{"rendered":"<p>J03 de Lucques\/Lucca \u00e0 Volterra par Pise: dimanche 12 Mai 2019, journ\u00e9e principalement centr\u00e9e sur Pise \u00e0 21km\/35mn, et finie \u00e0 Volterra \u00e0 67km\/1h15. Balades et explorations \u00e0 pieds: 9,6km et l&rsquo;\u00e9quivalent de 30 \u00e9tages mont\u00e9s, pist\u00e9s par cette application smartphone. En se garant au parking de la via Pieve (pr\u00e8s de l&rsquo;arena Garibaldi) il [&hellip;]<\/p>\n","protected":false},"author":2,"featured_media":183,"comment_status":"open","ping_status":"open","sticky":false,"template":"","format":"standard","meta":{"footnotes":""},"categories":[1],"tags":[],"class_list":["post-130","post","type-post","status-publish","format-standard","has-post-thumbnail","hentry","category-non-classe"],"_links":{"self":[{"href":"https:\/\/blogs.crespel.me\/italie2019\/wp-json\/wp\/v2\/posts\/130","targetHints":{"allow":["GET"]}}],"collection":[{"href":"https:\/\/blogs.crespel.me\/italie2019\/wp-json\/wp\/v2\/posts"}],"about":[{"href":"https:\/\/blogs.crespel.me\/italie2019\/wp-json\/wp\/v2\/types\/post"}],"author":[{"embeddable":true,"href":"https:\/\/blogs.crespel.me\/italie2019\/wp-json\/wp\/v2\/users\/2"}],"replies":[{"embeddable":true,"href":"https:\/\/blogs.crespel.me\/italie2019\/wp-json\/wp\/v2\/comments?post=130"}],"version-history":[{"count":10,"href":"https:\/\/blogs.crespel.me\/italie2019\/wp-json\/wp\/v2\/posts\/130\/revisions"}],"predecessor-version":[{"id":823,"href":"https:\/\/blogs.crespel.me\/italie2019\/wp-json\/wp\/v2\/posts\/130\/revisions\/823"}],"wp:featuredmedia":[{"embeddable":true,"href":"https:\/\/blogs.crespel.me\/italie2019\/wp-json\/wp\/v2\/media\/183"}],"wp:attachment":[{"href":"https:\/\/blogs.crespel.me\/italie2019\/wp-json\/wp\/v2\/media?parent=130"}],"wp:term":[{"taxonomy":"category","embeddable":true,"href":"https:\/\/blogs.crespel.me\/italie2019\/wp-json\/wp\/v2\/categories?post=130"},{"taxonomy":"post_tag","embeddable":true,"href":"https:\/\/blogs.crespel.me\/italie2019\/wp-json\/wp\/v2\/tags?post=130"}],"curies":[{"name":"wp","href":"https:\/\/api.w.org\/{rel}","templated":true}]}}