{"id":475,"date":"2008-08-14T18:12:08","date_gmt":"2008-08-14T18:12:08","guid":{"rendered":"http:\/\/blogs.crespel.me\/italie\/?p=475"},"modified":"2011-05-01T12:01:38","modified_gmt":"2011-05-01T12:01:38","slug":"venise-jour-10","status":"publish","type":"post","link":"https:\/\/blogs.crespel.me\/italie\/2008\/08\/14\/venise-jour-10\/","title":{"rendered":"Venise &#8211; Jour 10"},"content":{"rendered":"<h2>Programme et Impressions du jour :<\/h2>\n<p>Nostalgique jeudi 14 ao\u00fbt 2008.<\/p>\n<ul>\n<li>Matin\u00e9e de rangement, et derni\u00e8re contemplation de notre appartement, de Venise et ses canaux\u00a0; nous rendons les clefs \u00e0 notre correspondante d\u2019Italie Loc Appart vers 12h30, puis \u00e0 pieds jusque <strong>San Stae<\/strong> o\u00f9 nous attrapons le vaporetto pour <strong>Piazzale Roma<\/strong>.<\/li>\n<li>Le bus (jaune ligne 5) de 14h10 nous d\u00e9pose en 25mn \u00e0 <strong>Marco Polo Airport<\/strong>.<\/li>\n<li>Le vol Brussels Airlines de 15h55 (136\u20ac\/pers. Retour seul -Avro RJ100) nous ram\u00e8ne \u00e0 Bruxelles pour 17h40.<\/li>\n<li>C\u2019est fini.<\/li>\n<\/ul>\n<h2>Photos :<\/h2>\n<div id='gallery-1' class='gallery galleryid-475 gallery-columns-3 gallery-size-thumbnail'><dl class='gallery-item'>\n\t\t\t<dt class='gallery-icon portrait'>\n\t\t\t\t<a href='https:\/\/blogs.crespel.me\/italie\/wp-content\/uploads\/sites\/4\/2011\/03\/09-Venise-Cuisine.jpg'><img loading=\"lazy\" decoding=\"async\" width=\"150\" height=\"150\" src=\"https:\/\/blogs.crespel.me\/italie\/wp-content\/uploads\/sites\/4\/2011\/03\/09-Venise-Cuisine-150x150.jpg\" class=\"attachment-thumbnail size-thumbnail\" alt=\"\" \/><\/a>\n\t\t\t<\/dt><\/dl><dl class='gallery-item'>\n\t\t\t<dt class='gallery-icon landscape'>\n\t\t\t\t<a href='https:\/\/blogs.crespel.me\/italie\/wp-content\/uploads\/sites\/4\/2011\/03\/07-Venise-Entr\u00e9e.jpg'><img loading=\"lazy\" decoding=\"async\" width=\"150\" height=\"150\" src=\"https:\/\/blogs.crespel.me\/italie\/wp-content\/uploads\/sites\/4\/2011\/03\/07-Venise-Entr\u00e9e-150x150.jpg\" class=\"attachment-thumbnail size-thumbnail\" alt=\"\" \/><\/a>\n\t\t\t<\/dt><\/dl><dl class='gallery-item'>\n\t\t\t<dt class='gallery-icon landscape'>\n\t\t\t\t<a href='https:\/\/blogs.crespel.me\/italie\/wp-content\/uploads\/sites\/4\/2011\/03\/15-Murano-vu-davion.jpg'><img loading=\"lazy\" decoding=\"async\" width=\"150\" height=\"150\" src=\"https:\/\/blogs.crespel.me\/italie\/wp-content\/uploads\/sites\/4\/2011\/03\/15-Murano-vu-davion-150x150.jpg\" class=\"attachment-thumbnail size-thumbnail\" alt=\"\" \/><\/a>\n\t\t\t<\/dt><\/dl><br style=\"clear: both\" \/>\n\t\t<\/div>\n\n","protected":false},"excerpt":{"rendered":"<p>Programme et Impressions du jour : Nostalgique jeudi 14 ao\u00fbt 2008. Matin\u00e9e de rangement, et derni\u00e8re contemplation de notre appartement, de Venise et ses canaux\u00a0; nous rendons les clefs \u00e0 notre correspondante d\u2019Italie Loc Appart vers 12h30, puis \u00e0 pieds &hellip; <a href=\"https:\/\/blogs.crespel.me\/italie\/2008\/08\/14\/venise-jour-10\/\">Continuer la lecture <span class=\"meta-nav\">&rarr;<\/span><\/a><\/p>\n","protected":false},"author":2,"featured_media":0,"comment_status":"open","ping_status":"open","sticky":false,"template":"","format":"standard","meta":{"footnotes":""},"categories":[4],"tags":[],"class_list":["post-475","post","type-post","status-publish","format-standard","hentry","category-florence-venise-2008"],"_links":{"self":[{"href":"https:\/\/blogs.crespel.me\/italie\/wp-json\/wp\/v2\/posts\/475","targetHints":{"allow":["GET"]}}],"collection":[{"href":"https:\/\/blogs.crespel.me\/italie\/wp-json\/wp\/v2\/posts"}],"about":[{"href":"https:\/\/blogs.crespel.me\/italie\/wp-json\/wp\/v2\/types\/post"}],"author":[{"embeddable":true,"href":"https:\/\/blogs.crespel.me\/italie\/wp-json\/wp\/v2\/users\/2"}],"replies":[{"embeddable":true,"href":"https:\/\/blogs.crespel.me\/italie\/wp-json\/wp\/v2\/comments?post=475"}],"version-history":[{"count":10,"href":"https:\/\/blogs.crespel.me\/italie\/wp-json\/wp\/v2\/posts\/475\/revisions"}],"predecessor-version":[{"id":709,"href":"https:\/\/blogs.crespel.me\/italie\/wp-json\/wp\/v2\/posts\/475\/revisions\/709"}],"wp:attachment":[{"href":"https:\/\/blogs.crespel.me\/italie\/wp-json\/wp\/v2\/media?parent=475"}],"wp:term":[{"taxonomy":"category","embeddable":true,"href":"https:\/\/blogs.crespel.me\/italie\/wp-json\/wp\/v2\/categories?post=475"},{"taxonomy":"post_tag","embeddable":true,"href":"https:\/\/blogs.crespel.me\/italie\/wp-json\/wp\/v2\/tags?post=475"}],"curies":[{"name":"wp","href":"https:\/\/api.w.org\/{rel}","templated":true}]}}