{"id":56,"date":"2020-09-07T12:10:26","date_gmt":"2020-09-07T10:10:26","guid":{"rendered":"https:\/\/blogs.crespel.me\/bretagne\/?p=56"},"modified":"2020-09-23T17:20:07","modified_gmt":"2020-09-23T15:20:07","slug":"jour-02-lundi-07-09","status":"publish","type":"post","link":"https:\/\/blogs.crespel.me\/bretagne\/2020\/09\/07\/jour-02-lundi-07-09\/","title":{"rendered":"Jour 02: Lundi 07\/09"},"content":{"rendered":"<div class=\"entry-content\">\n<p><strong>J02 depuis le Mont St Michel vers Saint Cast: <\/strong>lundi 07 Septembre 2020.<\/p>\n<ul>\n<li>Apr\u00e8s un lever de soleil m\u00e9morable sur la baie, puis un petit d\u00e9jeuner servi \u00ab\u00a0\u00e0 table\u00a0\u00bb, nous escaladons les marches menant \u00e0 l&rsquo;<a href=\"https:\/\/www.tripadvisor.fr\/ShowUserReviews-g196646-d207387-r770317876-Abbaye_du_Mont_Saint_Michel-Mont_Saint_Michel_Manche_Basse_Normandie_Normandy.html\">Abbaye<\/a> pour l&rsquo;heure r\u00e9serv\u00e9e en ligne (9h30-tarif 11\u20ac\/pers.).<\/li>\n<li>Le \u00ab\u00a0groupe masqu\u00e9\u00a0\u00bb est cons\u00e9quent, bien que dans la norme, et la dispersion sur le parcours libre (avec petite brochure) fl\u00e9ch\u00e9 Covid, \u00e9vite les regroupements. Pas d&rsquo;imp\u00e9ratif de rythme et 1h15 plus tard nous en ressortons. Bien s\u00fbr \u00e7a n&rsquo;a pas le charme d&rsquo;avec un guide accompagnant, mais ce plaisir d&rsquo;y \u00eatre n&rsquo;est pas \u00e0 bouder !<\/li>\n<li>R\u00e9cup\u00e9ration des bagages \u00e0 l&rsquo;h\u00f4tel, reprise de la navette, parking P3 et c&rsquo;est reparti vers \u00ab\u00a0le Sud\u00a0\u00bb pour <strong>Dol de Bretagne<\/strong> \u00e0 26km\/25mn.<\/li>\n<li>Vers midi la petite ville est tr\u00e8s calme, et le parking devant la <a href=\"https:\/\/www.tripadvisor.fr\/ShowUserReviews-g662876-d3428605-r770701864-Cathedrale_Saint_Samson-Dol_de_Bretagne_Ille_et_Vilaine_Brittany.html\">cath\u00e9drale St Sanson<\/a>** est gratuit. En face, l&rsquo;<a href=\"https:\/\/www.tripadvisor.fr\/ShowUserReviews-g662876-d15276657-r770700613-Office_de_Tourisme_de_la_Baie_du_Mont_Saint_Michel-Dol_de_Bretagne_Ille_et_Vila.html\">office du tourisme<\/a> n&rsquo;est pas avare de renseignements et nous fournit un plan\/circuit p\u00e9destre tr\u00e8s sympa: Cath\u00e9drale, passage pr\u00e8s des remparts, centre historique** avec ses rues commer\u00e7antes typiques, maisons \u00e0 pans de bois, est aval\u00e9 sans courir en 45mn. Puis pique-nique sur place.<\/li>\n<li>Il reste 50km\/50mn pour atteindre <strong>St Cast le Guildo<\/strong> et son agence Armor Conseil pour la remise des cl\u00e9s de l&rsquo;appartement (R\u00e9sidence du Casino, 72m2, 5\u00e8me \u00e9tage, 2 chambres, plage \u00e0 20m, <em><strong><span style=\"color: #ff0000\">photo depuis notre terrasse<\/span><\/strong><\/em>), vue d&rsquo;enfer matin et soir, location de draps chez Ohier \u00e0 50m, sup\u00e9rette Carrefour City, et boulangerie \u00e0 200m, et un centre ville qui n&rsquo;a pas trop chang\u00e9 depuis 25\/30 ans. Tr\u00e8s, tr\u00e8s sympa tout \u00e7a.<\/li>\n<li>Apr\u00e8s l&rsquo;installation, une petite balade s&rsquo;impose vers les hauteurs du quartier de l&rsquo;Isle derri\u00e8re la r\u00e9sidence de la mer&#8230; souvenirs. Etrangement la cr\u00e8perie Bretan&rsquo;Or, pourtant renomm\u00e9e semble ferm\u00e9e, ainsi que le v\u00e9n\u00e9rable h\u00f4tel du Centre et des Plages (ex \u00ab\u00a0des voyageurs\u00a0\u00bb) ??<\/li>\n<li>Et pour cette soir\u00e9e de retrouvailles avec la station, un tr\u00e8s bon repas de cr\u00eapes\/galettes s&rsquo;impose au <a href=\"https:\/\/www.tripadvisor.fr\/ShowUserReviews-g666785-d3929874-r770295796-La_Regal_ette-Saint_Cast_le_Guildo_Cotes_d_Armor_Brittany.html\">R\u00e9gal&rsquo;ette<\/a> \u00e0 100m.<\/li>\n<li>Bilan du jour = 12km \u00e0 pieds de balades\/visites.<\/li>\n<\/ul>\n<p>A chaque page vous aurez un avis perso sur les visites * (sympa), ** (\u00e0 voir), *** (indispensable). <span style=\"color: #0000ff\"><em>Ainsi que des suggestions d\u2019autres visites int\u00e9grables dans le timing.<\/em><\/span> Et pour les photos, il suffit de cliquer dessus pour les agrandir.<\/p>\n<p><strong>27 Photos:<\/strong> l&rsquo;abbaye du Mont, Dol de Bretagne, St Cast le Guildo.<\/p>\n\n\t\t<style type=\"text\/css\">\n\t\t\t#gallery-1 {\n\t\t\t\tmargin: auto;\n\t\t\t}\n\t\t\t#gallery-1 .gallery-item {\n\t\t\t\tfloat: left;\n\t\t\t\tmargin-top: 10px;\n\t\t\t\ttext-align: center;\n\t\t\t\twidth: 33%;\n\t\t\t}\n\t\t\t#gallery-1 img {\n\t\t\t\tborder: 2px solid #cfcfcf;\n\t\t\t}\n\t\t\t#gallery-1 .gallery-caption {\n\t\t\t\tmargin-left: 0;\n\t\t\t}\n\t\t\t\/* see gallery_shortcode() in wp-includes\/media.php *\/\n\t\t<\/style>\n\t\t<div id='gallery-1' class='gallery galleryid-56 gallery-columns-3 gallery-size-thumbnail'><dl class='gallery-item'>\n\t\t\t<dt class='gallery-icon landscape'>\n\t\t\t\t<a href='https:\/\/blogs.crespel.me\/bretagne\/wp-content\/uploads\/sites\/15\/2020\/09\/DSC01796-scaled.jpg'><img loading=\"lazy\" decoding=\"async\" width=\"150\" height=\"150\" src=\"https:\/\/blogs.crespel.me\/bretagne\/wp-content\/uploads\/sites\/15\/2020\/09\/DSC01796-150x150.jpg\" class=\"attachment-thumbnail size-thumbnail\" alt=\"\" aria-describedby=\"gallery-1-72\" \/><\/a>\n\t\t\t<\/dt>\n\t\t\t\t<dd class='wp-caption-text gallery-caption' id='gallery-1-72'>\n\t\t\t\tLevel de soleil au Mont-Saint-Michel\n\t\t\t\t<\/dd><\/dl><dl class='gallery-item'>\n\t\t\t<dt class='gallery-icon landscape'>\n\t\t\t\t<a href='https:\/\/blogs.crespel.me\/bretagne\/wp-content\/uploads\/sites\/15\/2020\/09\/DSC01797-scaled.jpg'><img loading=\"lazy\" decoding=\"async\" width=\"150\" height=\"150\" src=\"https:\/\/blogs.crespel.me\/bretagne\/wp-content\/uploads\/sites\/15\/2020\/09\/DSC01797-150x150.jpg\" class=\"attachment-thumbnail size-thumbnail\" alt=\"\" aria-describedby=\"gallery-1-73\" \/><\/a>\n\t\t\t<\/dt>\n\t\t\t\t<dd class='wp-caption-text gallery-caption' id='gallery-1-73'>\n\t\t\t\tAbbaye du Mont-Saint-Michel\n\t\t\t\t<\/dd><\/dl><dl class='gallery-item'>\n\t\t\t<dt class='gallery-icon landscape'>\n\t\t\t\t<a href='https:\/\/blogs.crespel.me\/bretagne\/wp-content\/uploads\/sites\/15\/2020\/09\/DSC01827-scaled.jpg'><img loading=\"lazy\" decoding=\"async\" width=\"150\" height=\"150\" src=\"https:\/\/blogs.crespel.me\/bretagne\/wp-content\/uploads\/sites\/15\/2020\/09\/DSC01827-150x150.jpg\" class=\"attachment-thumbnail size-thumbnail\" alt=\"\" aria-describedby=\"gallery-1-74\" \/><\/a>\n\t\t\t<\/dt>\n\t\t\t\t<dd class='wp-caption-text gallery-caption' id='gallery-1-74'>\n\t\t\t\tAbbaye du Mont-Saint-Michel\n\t\t\t\t<\/dd><\/dl><br style=\"clear: both\" \/><dl class='gallery-item'>\n\t\t\t<dt class='gallery-icon landscape'>\n\t\t\t\t<a href='https:\/\/blogs.crespel.me\/bretagne\/wp-content\/uploads\/sites\/15\/2020\/09\/DSC01833-scaled.jpg'><img loading=\"lazy\" decoding=\"async\" width=\"150\" height=\"150\" src=\"https:\/\/blogs.crespel.me\/bretagne\/wp-content\/uploads\/sites\/15\/2020\/09\/DSC01833-150x150.jpg\" class=\"attachment-thumbnail size-thumbnail\" alt=\"\" aria-describedby=\"gallery-1-75\" \/><\/a>\n\t\t\t<\/dt>\n\t\t\t\t<dd class='wp-caption-text gallery-caption' id='gallery-1-75'>\n\t\t\t\tAbbaye du Mont-Saint-Michel\n\t\t\t\t<\/dd><\/dl><dl class='gallery-item'>\n\t\t\t<dt class='gallery-icon landscape'>\n\t\t\t\t<a href='https:\/\/blogs.crespel.me\/bretagne\/wp-content\/uploads\/sites\/15\/2020\/09\/DSC01845-scaled.jpg'><img loading=\"lazy\" decoding=\"async\" width=\"150\" height=\"150\" src=\"https:\/\/blogs.crespel.me\/bretagne\/wp-content\/uploads\/sites\/15\/2020\/09\/DSC01845-150x150.jpg\" class=\"attachment-thumbnail size-thumbnail\" alt=\"\" aria-describedby=\"gallery-1-76\" \/><\/a>\n\t\t\t<\/dt>\n\t\t\t\t<dd class='wp-caption-text gallery-caption' id='gallery-1-76'>\n\t\t\t\tAbbaye du Mont-Saint-Michel\n\t\t\t\t<\/dd><\/dl><dl class='gallery-item'>\n\t\t\t<dt class='gallery-icon landscape'>\n\t\t\t\t<a href='https:\/\/blogs.crespel.me\/bretagne\/wp-content\/uploads\/sites\/15\/2020\/09\/DSC01860-scaled.jpg'><img loading=\"lazy\" decoding=\"async\" width=\"150\" height=\"150\" src=\"https:\/\/blogs.crespel.me\/bretagne\/wp-content\/uploads\/sites\/15\/2020\/09\/DSC01860-150x150.jpg\" class=\"attachment-thumbnail size-thumbnail\" alt=\"\" aria-describedby=\"gallery-1-77\" \/><\/a>\n\t\t\t<\/dt>\n\t\t\t\t<dd class='wp-caption-text gallery-caption' id='gallery-1-77'>\n\t\t\t\tAbbaye du Mont-Saint-Michel\n\t\t\t\t<\/dd><\/dl><br style=\"clear: both\" \/><dl class='gallery-item'>\n\t\t\t<dt class='gallery-icon landscape'>\n\t\t\t\t<a href='https:\/\/blogs.crespel.me\/bretagne\/wp-content\/uploads\/sites\/15\/2020\/09\/DSC01890-scaled.jpg'><img loading=\"lazy\" decoding=\"async\" width=\"150\" height=\"150\" src=\"https:\/\/blogs.crespel.me\/bretagne\/wp-content\/uploads\/sites\/15\/2020\/09\/DSC01890-150x150.jpg\" class=\"attachment-thumbnail size-thumbnail\" alt=\"\" aria-describedby=\"gallery-1-78\" \/><\/a>\n\t\t\t<\/dt>\n\t\t\t\t<dd class='wp-caption-text gallery-caption' id='gallery-1-78'>\n\t\t\t\tMont-Saint-Michel\n\t\t\t\t<\/dd><\/dl><dl class='gallery-item'>\n\t\t\t<dt class='gallery-icon landscape'>\n\t\t\t\t<a href='https:\/\/blogs.crespel.me\/bretagne\/wp-content\/uploads\/sites\/15\/2020\/09\/IMG_9105-scaled.jpg'><img loading=\"lazy\" decoding=\"async\" width=\"150\" height=\"150\" src=\"https:\/\/blogs.crespel.me\/bretagne\/wp-content\/uploads\/sites\/15\/2020\/09\/IMG_9105-150x150.jpg\" class=\"attachment-thumbnail size-thumbnail\" alt=\"\" aria-describedby=\"gallery-1-79\" \/><\/a>\n\t\t\t<\/dt>\n\t\t\t\t<dd class='wp-caption-text gallery-caption' id='gallery-1-79'>\n\t\t\t\tAbbaye du Mont-Saint-Michel\n\t\t\t\t<\/dd><\/dl><dl class='gallery-item'>\n\t\t\t<dt class='gallery-icon landscape'>\n\t\t\t\t<a href='https:\/\/blogs.crespel.me\/bretagne\/wp-content\/uploads\/sites\/15\/2020\/09\/IMG_9112-scaled.jpg'><img loading=\"lazy\" decoding=\"async\" width=\"150\" height=\"150\" src=\"https:\/\/blogs.crespel.me\/bretagne\/wp-content\/uploads\/sites\/15\/2020\/09\/IMG_9112-150x150.jpg\" class=\"attachment-thumbnail size-thumbnail\" alt=\"\" aria-describedby=\"gallery-1-80\" \/><\/a>\n\t\t\t<\/dt>\n\t\t\t\t<dd class='wp-caption-text gallery-caption' id='gallery-1-80'>\n\t\t\t\tAbbaye du Mont-Saint-Michel\n\t\t\t\t<\/dd><\/dl><br style=\"clear: both\" \/><dl class='gallery-item'>\n\t\t\t<dt class='gallery-icon portrait'>\n\t\t\t\t<a href='https:\/\/blogs.crespel.me\/bretagne\/wp-content\/uploads\/sites\/15\/2020\/09\/IMG_9114-scaled.jpg'><img loading=\"lazy\" decoding=\"async\" width=\"150\" height=\"150\" src=\"https:\/\/blogs.crespel.me\/bretagne\/wp-content\/uploads\/sites\/15\/2020\/09\/IMG_9114-150x150.jpg\" class=\"attachment-thumbnail size-thumbnail\" alt=\"\" aria-describedby=\"gallery-1-81\" \/><\/a>\n\t\t\t<\/dt>\n\t\t\t\t<dd class='wp-caption-text gallery-caption' id='gallery-1-81'>\n\t\t\t\tAbbaye du Mont-Saint-Michel\n\t\t\t\t<\/dd><\/dl><dl class='gallery-item'>\n\t\t\t<dt class='gallery-icon landscape'>\n\t\t\t\t<a href='https:\/\/blogs.crespel.me\/bretagne\/wp-content\/uploads\/sites\/15\/2020\/09\/IMG_9130-scaled.jpg'><img loading=\"lazy\" decoding=\"async\" width=\"150\" height=\"150\" src=\"https:\/\/blogs.crespel.me\/bretagne\/wp-content\/uploads\/sites\/15\/2020\/09\/IMG_9130-150x150.jpg\" class=\"attachment-thumbnail size-thumbnail\" alt=\"\" aria-describedby=\"gallery-1-82\" \/><\/a>\n\t\t\t<\/dt>\n\t\t\t\t<dd class='wp-caption-text gallery-caption' id='gallery-1-82'>\n\t\t\t\tChapelle du Mont-Saint-Michel\n\t\t\t\t<\/dd><\/dl><dl class='gallery-item'>\n\t\t\t<dt class='gallery-icon landscape'>\n\t\t\t\t<a href='https:\/\/blogs.crespel.me\/bretagne\/wp-content\/uploads\/sites\/15\/2020\/09\/IMG_9142-scaled.jpg'><img loading=\"lazy\" decoding=\"async\" width=\"150\" height=\"150\" src=\"https:\/\/blogs.crespel.me\/bretagne\/wp-content\/uploads\/sites\/15\/2020\/09\/IMG_9142-150x150.jpg\" class=\"attachment-thumbnail size-thumbnail\" alt=\"\" aria-describedby=\"gallery-1-85\" \/><\/a>\n\t\t\t<\/dt>\n\t\t\t\t<dd class='wp-caption-text gallery-caption' id='gallery-1-85'>\n\t\t\t\tCath\u00e9drale Saint-Samson de Dol-de-Bretagne\n\t\t\t\t<\/dd><\/dl><br style=\"clear: both\" \/><dl class='gallery-item'>\n\t\t\t<dt class='gallery-icon portrait'>\n\t\t\t\t<a href='https:\/\/blogs.crespel.me\/bretagne\/wp-content\/uploads\/sites\/15\/2020\/09\/IMG_9138-scaled.jpg'><img loading=\"lazy\" decoding=\"async\" width=\"150\" height=\"150\" src=\"https:\/\/blogs.crespel.me\/bretagne\/wp-content\/uploads\/sites\/15\/2020\/09\/IMG_9138-150x150.jpg\" class=\"attachment-thumbnail size-thumbnail\" alt=\"\" aria-describedby=\"gallery-1-83\" \/><\/a>\n\t\t\t<\/dt>\n\t\t\t\t<dd class='wp-caption-text gallery-caption' id='gallery-1-83'>\n\t\t\t\tCath\u00e9drale Saint-Samson de Dol-de-Bretagne\n\t\t\t\t<\/dd><\/dl><dl class='gallery-item'>\n\t\t\t<dt class='gallery-icon portrait'>\n\t\t\t\t<a href='https:\/\/blogs.crespel.me\/bretagne\/wp-content\/uploads\/sites\/15\/2020\/09\/IMG_9140-scaled.jpg'><img loading=\"lazy\" decoding=\"async\" width=\"150\" height=\"150\" src=\"https:\/\/blogs.crespel.me\/bretagne\/wp-content\/uploads\/sites\/15\/2020\/09\/IMG_9140-150x150.jpg\" class=\"attachment-thumbnail size-thumbnail\" alt=\"\" aria-describedby=\"gallery-1-84\" \/><\/a>\n\t\t\t<\/dt>\n\t\t\t\t<dd class='wp-caption-text gallery-caption' id='gallery-1-84'>\n\t\t\t\tCath\u00e9drale Saint-Samson de Dol-de-Bretagne\n\t\t\t\t<\/dd><\/dl><dl class='gallery-item'>\n\t\t\t<dt class='gallery-icon landscape'>\n\t\t\t\t<a href='https:\/\/blogs.crespel.me\/bretagne\/wp-content\/uploads\/sites\/15\/2020\/09\/DSC01903-scaled.jpg'><img loading=\"lazy\" decoding=\"async\" width=\"150\" height=\"150\" src=\"https:\/\/blogs.crespel.me\/bretagne\/wp-content\/uploads\/sites\/15\/2020\/09\/DSC01903-150x150.jpg\" class=\"attachment-thumbnail size-thumbnail\" alt=\"\" aria-describedby=\"gallery-1-91\" \/><\/a>\n\t\t\t<\/dt>\n\t\t\t\t<dd class='wp-caption-text gallery-caption' id='gallery-1-91'>\n\t\t\t\tDol-de-Bretagne\n\t\t\t\t<\/dd><\/dl><br style=\"clear: both\" \/><dl class='gallery-item'>\n\t\t\t<dt class='gallery-icon landscape'>\n\t\t\t\t<a href='https:\/\/blogs.crespel.me\/bretagne\/wp-content\/uploads\/sites\/15\/2020\/09\/IMG_9144-scaled.jpg'><img loading=\"lazy\" decoding=\"async\" width=\"150\" height=\"150\" src=\"https:\/\/blogs.crespel.me\/bretagne\/wp-content\/uploads\/sites\/15\/2020\/09\/IMG_9144-150x150.jpg\" class=\"attachment-thumbnail size-thumbnail\" alt=\"\" aria-describedby=\"gallery-1-86\" \/><\/a>\n\t\t\t<\/dt>\n\t\t\t\t<dd class='wp-caption-text gallery-caption' id='gallery-1-86'>\n\t\t\t\tDol-de-Bretagne\n\t\t\t\t<\/dd><\/dl><dl class='gallery-item'>\n\t\t\t<dt class='gallery-icon landscape'>\n\t\t\t\t<a href='https:\/\/blogs.crespel.me\/bretagne\/wp-content\/uploads\/sites\/15\/2020\/09\/IMG_9146-scaled.jpg'><img loading=\"lazy\" decoding=\"async\" width=\"150\" height=\"150\" src=\"https:\/\/blogs.crespel.me\/bretagne\/wp-content\/uploads\/sites\/15\/2020\/09\/IMG_9146-150x150.jpg\" class=\"attachment-thumbnail size-thumbnail\" alt=\"\" aria-describedby=\"gallery-1-87\" \/><\/a>\n\t\t\t<\/dt>\n\t\t\t\t<dd class='wp-caption-text gallery-caption' id='gallery-1-87'>\n\t\t\t\tDol-de-Bretagne\n\t\t\t\t<\/dd><\/dl><dl class='gallery-item'>\n\t\t\t<dt class='gallery-icon landscape'>\n\t\t\t\t<a href='https:\/\/blogs.crespel.me\/bretagne\/wp-content\/uploads\/sites\/15\/2020\/09\/IMG_9148-scaled.jpg'><img loading=\"lazy\" decoding=\"async\" width=\"150\" height=\"150\" src=\"https:\/\/blogs.crespel.me\/bretagne\/wp-content\/uploads\/sites\/15\/2020\/09\/IMG_9148-150x150.jpg\" class=\"attachment-thumbnail size-thumbnail\" alt=\"\" aria-describedby=\"gallery-1-88\" \/><\/a>\n\t\t\t<\/dt>\n\t\t\t\t<dd class='wp-caption-text gallery-caption' id='gallery-1-88'>\n\t\t\t\tDol-de-Bretagne\n\t\t\t\t<\/dd><\/dl><br style=\"clear: both\" \/><dl class='gallery-item'>\n\t\t\t<dt class='gallery-icon landscape'>\n\t\t\t\t<a href='https:\/\/blogs.crespel.me\/bretagne\/wp-content\/uploads\/sites\/15\/2020\/09\/IMG_9149-scaled.jpg'><img loading=\"lazy\" decoding=\"async\" width=\"150\" height=\"150\" src=\"https:\/\/blogs.crespel.me\/bretagne\/wp-content\/uploads\/sites\/15\/2020\/09\/IMG_9149-150x150.jpg\" class=\"attachment-thumbnail size-thumbnail\" alt=\"\" aria-describedby=\"gallery-1-89\" \/><\/a>\n\t\t\t<\/dt>\n\t\t\t\t<dd class='wp-caption-text gallery-caption' id='gallery-1-89'>\n\t\t\t\tDol-de-Bretagne\n\t\t\t\t<\/dd><\/dl><dl class='gallery-item'>\n\t\t\t<dt class='gallery-icon landscape'>\n\t\t\t\t<a href='https:\/\/blogs.crespel.me\/bretagne\/wp-content\/uploads\/sites\/15\/2020\/09\/IMG_9154-scaled.jpg'><img loading=\"lazy\" decoding=\"async\" width=\"150\" height=\"150\" src=\"https:\/\/blogs.crespel.me\/bretagne\/wp-content\/uploads\/sites\/15\/2020\/09\/IMG_9154-150x150.jpg\" class=\"attachment-thumbnail size-thumbnail\" alt=\"\" aria-describedby=\"gallery-1-90\" \/><\/a>\n\t\t\t<\/dt>\n\t\t\t\t<dd class='wp-caption-text gallery-caption' id='gallery-1-90'>\n\t\t\t\tCath\u00e9drale Saint-Samson de Dol-de-Bretagne\n\t\t\t\t<\/dd><\/dl><dl class='gallery-item'>\n\t\t\t<dt class='gallery-icon landscape'>\n\t\t\t\t<a href='https:\/\/blogs.crespel.me\/bretagne\/wp-content\/uploads\/sites\/15\/2020\/09\/DSC01910-scaled.jpg'><img loading=\"lazy\" decoding=\"async\" width=\"150\" height=\"150\" src=\"https:\/\/blogs.crespel.me\/bretagne\/wp-content\/uploads\/sites\/15\/2020\/09\/DSC01910-150x150.jpg\" class=\"attachment-thumbnail size-thumbnail\" alt=\"\" aria-describedby=\"gallery-1-92\" \/><\/a>\n\t\t\t<\/dt>\n\t\t\t\t<dd class='wp-caption-text gallery-caption' id='gallery-1-92'>\n\t\t\t\tSaint-Cast-le-Guildo\n\t\t\t\t<\/dd><\/dl><br style=\"clear: both\" \/><dl class='gallery-item'>\n\t\t\t<dt class='gallery-icon landscape'>\n\t\t\t\t<a href='https:\/\/blogs.crespel.me\/bretagne\/wp-content\/uploads\/sites\/15\/2020\/09\/DSC01926-scaled.jpg'><img loading=\"lazy\" decoding=\"async\" width=\"150\" height=\"150\" src=\"https:\/\/blogs.crespel.me\/bretagne\/wp-content\/uploads\/sites\/15\/2020\/09\/DSC01926-150x150.jpg\" class=\"attachment-thumbnail size-thumbnail\" alt=\"\" aria-describedby=\"gallery-1-94\" \/><\/a>\n\t\t\t<\/dt>\n\t\t\t\t<dd class='wp-caption-text gallery-caption' id='gallery-1-94'>\n\t\t\t\tSaint-Cast-le-Guildo\n\t\t\t\t<\/dd><\/dl><dl class='gallery-item'>\n\t\t\t<dt class='gallery-icon landscape'>\n\t\t\t\t<a href='https:\/\/blogs.crespel.me\/bretagne\/wp-content\/uploads\/sites\/15\/2020\/09\/DSC01928-scaled.jpg'><img loading=\"lazy\" decoding=\"async\" width=\"150\" height=\"150\" src=\"https:\/\/blogs.crespel.me\/bretagne\/wp-content\/uploads\/sites\/15\/2020\/09\/DSC01928-150x150.jpg\" class=\"attachment-thumbnail size-thumbnail\" alt=\"\" aria-describedby=\"gallery-1-95\" \/><\/a>\n\t\t\t<\/dt>\n\t\t\t\t<dd class='wp-caption-text gallery-caption' id='gallery-1-95'>\n\t\t\t\tSaint-Cast-le-Guildo\n\t\t\t\t<\/dd><\/dl><dl class='gallery-item'>\n\t\t\t<dt class='gallery-icon landscape'>\n\t\t\t\t<a href='https:\/\/blogs.crespel.me\/bretagne\/wp-content\/uploads\/sites\/15\/2020\/09\/DSC01931-scaled.jpg'><img loading=\"lazy\" decoding=\"async\" width=\"150\" height=\"150\" src=\"https:\/\/blogs.crespel.me\/bretagne\/wp-content\/uploads\/sites\/15\/2020\/09\/DSC01931-150x150.jpg\" class=\"attachment-thumbnail size-thumbnail\" alt=\"\" aria-describedby=\"gallery-1-96\" \/><\/a>\n\t\t\t<\/dt>\n\t\t\t\t<dd class='wp-caption-text gallery-caption' id='gallery-1-96'>\n\t\t\t\tSaint-Cast-le-Guildo\n\t\t\t\t<\/dd><\/dl><br style=\"clear: both\" \/><dl class='gallery-item'>\n\t\t\t<dt class='gallery-icon landscape'>\n\t\t\t\t<a href='https:\/\/blogs.crespel.me\/bretagne\/wp-content\/uploads\/sites\/15\/2020\/09\/DSC01933-scaled.jpg'><img loading=\"lazy\" decoding=\"async\" width=\"150\" height=\"150\" src=\"https:\/\/blogs.crespel.me\/bretagne\/wp-content\/uploads\/sites\/15\/2020\/09\/DSC01933-150x150.jpg\" class=\"attachment-thumbnail size-thumbnail\" alt=\"\" aria-describedby=\"gallery-1-97\" \/><\/a>\n\t\t\t<\/dt>\n\t\t\t\t<dd class='wp-caption-text gallery-caption' id='gallery-1-97'>\n\t\t\t\tSaint-Cast-le-Guildo\n\t\t\t\t<\/dd><\/dl><dl class='gallery-item'>\n\t\t\t<dt class='gallery-icon landscape'>\n\t\t\t\t<a href='https:\/\/blogs.crespel.me\/bretagne\/wp-content\/uploads\/sites\/15\/2020\/09\/DSC01934-scaled.jpg'><img loading=\"lazy\" decoding=\"async\" width=\"150\" height=\"150\" src=\"https:\/\/blogs.crespel.me\/bretagne\/wp-content\/uploads\/sites\/15\/2020\/09\/DSC01934-150x150.jpg\" class=\"attachment-thumbnail size-thumbnail\" alt=\"\" aria-describedby=\"gallery-1-98\" \/><\/a>\n\t\t\t<\/dt>\n\t\t\t\t<dd class='wp-caption-text gallery-caption' id='gallery-1-98'>\n\t\t\t\tSaint-Cast-le-Guildo\n\t\t\t\t<\/dd><\/dl><dl class='gallery-item'>\n\t\t\t<dt class='gallery-icon landscape'>\n\t\t\t\t<a href='https:\/\/blogs.crespel.me\/bretagne\/wp-content\/uploads\/sites\/15\/2020\/09\/DSC01924-scaled.jpg'><img loading=\"lazy\" decoding=\"async\" width=\"150\" height=\"150\" src=\"https:\/\/blogs.crespel.me\/bretagne\/wp-content\/uploads\/sites\/15\/2020\/09\/DSC01924-150x150.jpg\" class=\"attachment-thumbnail size-thumbnail\" alt=\"\" aria-describedby=\"gallery-1-93\" \/><\/a>\n\t\t\t<\/dt>\n\t\t\t\t<dd class='wp-caption-text gallery-caption' id='gallery-1-93'>\n\t\t\t\tSaint-Cast-le-Guildo\n\t\t\t\t<\/dd><\/dl><br style=\"clear: both\" \/>\n\t\t<\/div>\n\n<p>&nbsp;<\/p>\n<\/div>\n","protected":false},"excerpt":{"rendered":"<p>J02 depuis le Mont St Michel vers Saint Cast: lundi 07 Septembre 2020. Apr\u00e8s un lever de soleil m\u00e9morable sur la baie, puis un petit d\u00e9jeuner servi \u00ab\u00a0\u00e0 table\u00a0\u00bb, nous escaladons les marches menant \u00e0 l&rsquo;Abbaye pour l&rsquo;heure r\u00e9serv\u00e9e en ligne (9h30-tarif 11\u20ac\/pers.). Le \u00ab\u00a0groupe masqu\u00e9\u00a0\u00bb est cons\u00e9quent, bien que dans la norme, et la [&hellip;]<\/p>\n","protected":false},"author":2,"featured_media":61,"comment_status":"open","ping_status":"open","sticky":false,"template":"","format":"standard","meta":{"footnotes":""},"categories":[1],"tags":[],"class_list":["post-56","post","type-post","status-publish","format-standard","has-post-thumbnail","hentry","category-non-classe"],"_links":{"self":[{"href":"https:\/\/blogs.crespel.me\/bretagne\/wp-json\/wp\/v2\/posts\/56","targetHints":{"allow":["GET"]}}],"collection":[{"href":"https:\/\/blogs.crespel.me\/bretagne\/wp-json\/wp\/v2\/posts"}],"about":[{"href":"https:\/\/blogs.crespel.me\/bretagne\/wp-json\/wp\/v2\/types\/post"}],"author":[{"embeddable":true,"href":"https:\/\/blogs.crespel.me\/bretagne\/wp-json\/wp\/v2\/users\/2"}],"replies":[{"embeddable":true,"href":"https:\/\/blogs.crespel.me\/bretagne\/wp-json\/wp\/v2\/comments?post=56"}],"version-history":[{"count":20,"href":"https:\/\/blogs.crespel.me\/bretagne\/wp-json\/wp\/v2\/posts\/56\/revisions"}],"predecessor-version":[{"id":350,"href":"https:\/\/blogs.crespel.me\/bretagne\/wp-json\/wp\/v2\/posts\/56\/revisions\/350"}],"wp:featuredmedia":[{"embeddable":true,"href":"https:\/\/blogs.crespel.me\/bretagne\/wp-json\/wp\/v2\/media\/61"}],"wp:attachment":[{"href":"https:\/\/blogs.crespel.me\/bretagne\/wp-json\/wp\/v2\/media?parent=56"}],"wp:term":[{"taxonomy":"category","embeddable":true,"href":"https:\/\/blogs.crespel.me\/bretagne\/wp-json\/wp\/v2\/categories?post=56"},{"taxonomy":"post_tag","embeddable":true,"href":"https:\/\/blogs.crespel.me\/bretagne\/wp-json\/wp\/v2\/tags?post=56"}],"curies":[{"name":"wp","href":"https:\/\/api.w.org\/{rel}","templated":true}]}}