{"id":212,"date":"2020-09-10T15:26:34","date_gmt":"2020-09-10T13:26:34","guid":{"rendered":"https:\/\/blogs.crespel.me\/bretagne\/?p=212"},"modified":"2020-09-27T15:58:20","modified_gmt":"2020-09-27T13:58:20","slug":"jour-05-jeudi-10-09","status":"publish","type":"post","link":"https:\/\/blogs.crespel.me\/bretagne\/2020\/09\/10\/jour-05-jeudi-10-09\/","title":{"rendered":"Jour 05: Jeudi 10\/09"},"content":{"rendered":"<p><strong>J05 boucle de 105km vers l&rsquo;Est, la Rance et les plages: <\/strong>jeudi 10 Septembre 2020.<\/p>\n<ul>\n<li>Le soleil se cache un peu et le bleu est moins pr\u00e9sent ce matin pour cette troisi\u00e8me boucle en sens anti-horaire vers le bas de l&rsquo;estuaire de la Rance.<\/li>\n<li>Passage oblig\u00e9 par Ploubalay puis \u00e0 D. la D2, et plus loin un premier arr\u00eat apr\u00e8s 34km\/40mn, vers 11h00 \u00e0 Lyvet avant le pont menant \u00e0 <strong>La Vicomt\u00e9<\/strong>. Photo des rares cabanes \u00e0 carrelets* encore existantes (\u00e0 mar\u00e9e basse le site est moins glamour !). Nous zappons le ch\u00e2teau de la Belli\u00e8re (priv\u00e9, non visitable mais \u00e0 photographier). Tentative avort\u00e9e de visiter le Moulin \u00e0 mar\u00e9e du Prat* (n&rsquo;est ouvert hors saison que le Dim. de 15 \u00e0 18h).<\/li>\n<\/ul>\n<ul>\n<li>Nous remontons par la rive droite vers le but principal de cette journ\u00e9e, le village class\u00e9 de <strong><a href=\"https:\/\/www.tripadvisor.fr\/ShowUserReviews-g1006048-d12912892-r771464050-Eglise_de_Saint_Suliac-St_Suliac_Ille_et_Vilaine_Brittany.html\">Saint Suliac<\/a>** <em><span style=\"color: #ff0000\">(photo ci-dessus)<\/span><\/em><\/strong> \u00e0 13km\/15mn. D\u00e8s 11h30 nous arpentons en tous sens ce tr\u00e8s joli village authentique&#8230; mais tr\u00e8s calme. Peu de visiteurs et quelques \u00ab\u00a0locaux\u00a0\u00bb crois\u00e9s et sympas. \u00c9difi\u00e9e au XIII\u00e8me si\u00e8cle l&rsquo;\u00e9glise des Ligueurs** \u00e0 conserv\u00e9 son enclos et son cimeti\u00e8re autour d&rsquo;elle. Hommage aux Terre-Neuvas sur un vitrail.<\/li>\n<li>Arpenter la promenade le long de la Rance pour d\u00e9couvrir les terrasses des restos, le port, la plage, les petites maisons color\u00e9es et fleuries. En 1h00 sans courir tout \u00e7a sera fait.<\/li>\n<li>Encore 8km\/15mn par la D117 pour<strong> Quelmer<\/strong> et son <a href=\"https:\/\/www.tripadvisor.fr\/ShowUserReviews-g187104-d15314826-r771466004-Le_Cimetiere_de_Bateaux_de_Quelmer-Saint_Malo_Ille_et_Vilaine_Brittany.html\">cimeti\u00e8re \u00e0 bateaux<\/a>* (fl\u00e9ch\u00e9 \u00ab\u00a0chantier naval\u00a0\u00bb). Bon, \u00e0 mar\u00e9e basse toujours, ces \u00e9paves en vrac sont quand m\u00eame photog\u00e9niques&#8230; c&rsquo;est leur seul but !<\/li>\n<\/ul>\n<ul>\n<li>Il est 13h00 et soleil et ciel bleu sont arriv\u00e9s pour nous accompagner (via l&rsquo;usine mar\u00e9motrice&#8230; encore) jusque <strong>Dinard*<\/strong> \u00e0 11km\/20mn. Jolie ville et Casino mais impossible de se garer pour d\u00e9couvrir. Nous pique-niquons un peu plus loin.<\/li>\n<li><span class=\"fullText \"><strong>Saint Lunaire<\/strong> et la <a href=\"https:\/\/www.tripadvisor.fr\/ShowUserReviews-g1200954-d8818484-r771003297-Pointe_du_Decolle-Saint_Lunaire_Ille_et_Vilaine_Brittany.html\">pointe du D\u00e9coll\u00e9<\/a>** ne sont qu&rsquo;\u00e0 5km\/12mn. Parking facile et gratuit et courte balade jusqu&rsquo;au bout. Tr\u00e8s joli et calme. Ensuite passage par la D786\u00a0 via <strong>Saint Briac <\/strong>(joli port*) puis Lancieux pour bifurquer \u00e0 D. vers la D26= 13km\/25mn. <\/span><\/li>\n<li><span class=\"fullText \">Remonter 4,5km\/8mn pour le parking du chevet \u00e0 <strong>Saint Jacut de la Mer<\/strong>. Petite balade (450m plat) jusqu&rsquo;au bout \u00e0 la <a href=\"https:\/\/www.tripadvisor.fr\/ShowUserReviews-g1925959-d18936433-r771005153-Pointe_du_Chevet-Saint_Jacut_de_la_Mer_Cotes_d_Armor_Brittany.html\">Pointe du Chevet<\/a>**. D&rsquo;ici on voit bien St Cast et notre logement. Endroit bien sympa et peu fr\u00e9quent\u00e9 avec vue sur l&rsquo;archipel des Ebihens*.<\/span><\/li>\n<\/ul>\n<ul>\n<li>Et retour \u00e0 la case d\u00e9part \u00e0 15km\/25mn pour 16h00. Courses, balade en ville.<\/li>\n<li>Contemplation de notre belle grande plage de St Cast depuis l&rsquo;appartement, repas du soir, beau coucher du soleil, la routine quoi&#8230;<\/li>\n<li>Bilan du jour = 5,5km \u00e0 pieds de balades\/visites.<\/li>\n<\/ul>\n<p>A chaque page vous aurez un avis perso sur les visites * (sympa), ** (\u00e0 voir), *** (indispensable). <span style=\"color: #0000ff\"><em>Ainsi que des suggestions d\u2019autres visites int\u00e9grables dans le timing.<\/em><\/span> Et pour les photos, il suffit de cliquer dessus pour les agrandir.<\/p>\n<p><strong>A voir en sus:<\/strong> La Vicomt\u00e9 et ses sites proches (en saison), L&rsquo;usine mar\u00e9motrice (parcours didactique et site EDF), Dinard, l&rsquo;\u00e9glise de St Lunaire.<\/p>\n<p><strong>30 Photos:<\/strong> Carrelets, cimeti\u00e8re \u00e0 bateaux, St Suliac, Pointe du D\u00e9coll\u00e9, Pointe du Chevet, St Cast.<\/p>\n\n\t\t<style type=\"text\/css\">\n\t\t\t#gallery-1 {\n\t\t\t\tmargin: auto;\n\t\t\t}\n\t\t\t#gallery-1 .gallery-item {\n\t\t\t\tfloat: left;\n\t\t\t\tmargin-top: 10px;\n\t\t\t\ttext-align: center;\n\t\t\t\twidth: 33%;\n\t\t\t}\n\t\t\t#gallery-1 img {\n\t\t\t\tborder: 2px solid #cfcfcf;\n\t\t\t}\n\t\t\t#gallery-1 .gallery-caption {\n\t\t\t\tmargin-left: 0;\n\t\t\t}\n\t\t\t\/* see gallery_shortcode() in wp-includes\/media.php *\/\n\t\t<\/style>\n\t\t<div id='gallery-1' class='gallery galleryid-212 gallery-columns-3 gallery-size-thumbnail'><dl class='gallery-item'>\n\t\t\t<dt class='gallery-icon landscape'>\n\t\t\t\t<a href='https:\/\/blogs.crespel.me\/bretagne\/wp-content\/uploads\/sites\/15\/2020\/09\/IMG_9306-scaled.jpg'><img loading=\"lazy\" decoding=\"async\" width=\"150\" height=\"150\" src=\"https:\/\/blogs.crespel.me\/bretagne\/wp-content\/uploads\/sites\/15\/2020\/09\/IMG_9306-150x150.jpg\" class=\"attachment-thumbnail size-thumbnail\" alt=\"\" aria-describedby=\"gallery-1-219\" \/><\/a>\n\t\t\t<\/dt>\n\t\t\t\t<dd class='wp-caption-text gallery-caption' id='gallery-1-219'>\n\t\t\t\tCabanes de p\u00eacheurs\n\t\t\t\t<\/dd><\/dl><dl class='gallery-item'>\n\t\t\t<dt class='gallery-icon landscape'>\n\t\t\t\t<a href='https:\/\/blogs.crespel.me\/bretagne\/wp-content\/uploads\/sites\/15\/2020\/09\/IMG_9336-scaled.jpg'><img loading=\"lazy\" decoding=\"async\" width=\"150\" height=\"150\" src=\"https:\/\/blogs.crespel.me\/bretagne\/wp-content\/uploads\/sites\/15\/2020\/09\/IMG_9336-150x150.jpg\" class=\"attachment-thumbnail size-thumbnail\" alt=\"\" aria-describedby=\"gallery-1-220\" \/><\/a>\n\t\t\t<\/dt>\n\t\t\t\t<dd class='wp-caption-text gallery-caption' id='gallery-1-220'>\n\t\t\t\tCimeti\u00e8re \u00e0 bateaux \u00e0 Quelmer\n\t\t\t\t<\/dd><\/dl><dl class='gallery-item'>\n\t\t\t<dt class='gallery-icon landscape'>\n\t\t\t\t<a href='https:\/\/blogs.crespel.me\/bretagne\/wp-content\/uploads\/sites\/15\/2020\/09\/IMG_9338-3-scaled.jpg'><img loading=\"lazy\" decoding=\"async\" width=\"150\" height=\"150\" src=\"https:\/\/blogs.crespel.me\/bretagne\/wp-content\/uploads\/sites\/15\/2020\/09\/IMG_9338-3-150x150.jpg\" class=\"attachment-thumbnail size-thumbnail\" alt=\"\" aria-describedby=\"gallery-1-354\" \/><\/a>\n\t\t\t<\/dt>\n\t\t\t\t<dd class='wp-caption-text gallery-caption' id='gallery-1-354'>\n\t\t\t\tCimeti\u00e8re \u00e0 bateaux \u00e0 Quelmer\n\t\t\t\t<\/dd><\/dl><br style=\"clear: both\" \/><dl class='gallery-item'>\n\t\t\t<dt class='gallery-icon landscape'>\n\t\t\t\t<a href='https:\/\/blogs.crespel.me\/bretagne\/wp-content\/uploads\/sites\/15\/2020\/09\/IMG_9340-2-scaled.jpg'><img loading=\"lazy\" decoding=\"async\" width=\"150\" height=\"150\" src=\"https:\/\/blogs.crespel.me\/bretagne\/wp-content\/uploads\/sites\/15\/2020\/09\/IMG_9340-2-150x150.jpg\" class=\"attachment-thumbnail size-thumbnail\" alt=\"\" aria-describedby=\"gallery-1-221\" \/><\/a>\n\t\t\t<\/dt>\n\t\t\t\t<dd class='wp-caption-text gallery-caption' id='gallery-1-221'>\n\t\t\t\tCimeti\u00e8re \u00e0 bateaux \u00e0 Quelmer\n\t\t\t\t<\/dd><\/dl><dl class='gallery-item'>\n\t\t\t<dt class='gallery-icon landscape'>\n\t\t\t\t<a href='https:\/\/blogs.crespel.me\/bretagne\/wp-content\/uploads\/sites\/15\/2020\/09\/DSC02207-scaled.jpg'><img loading=\"lazy\" decoding=\"async\" width=\"150\" height=\"150\" src=\"https:\/\/blogs.crespel.me\/bretagne\/wp-content\/uploads\/sites\/15\/2020\/09\/DSC02207-150x150.jpg\" class=\"attachment-thumbnail size-thumbnail\" alt=\"\" aria-describedby=\"gallery-1-222\" \/><\/a>\n\t\t\t<\/dt>\n\t\t\t\t<dd class='wp-caption-text gallery-caption' id='gallery-1-222'>\n\t\t\t\tSaint-Suliac\n\t\t\t\t<\/dd><\/dl><dl class='gallery-item'>\n\t\t\t<dt class='gallery-icon landscape'>\n\t\t\t\t<a href='https:\/\/blogs.crespel.me\/bretagne\/wp-content\/uploads\/sites\/15\/2020\/09\/DSC02209-scaled.jpg'><img loading=\"lazy\" decoding=\"async\" width=\"150\" height=\"150\" src=\"https:\/\/blogs.crespel.me\/bretagne\/wp-content\/uploads\/sites\/15\/2020\/09\/DSC02209-150x150.jpg\" class=\"attachment-thumbnail size-thumbnail\" alt=\"\" aria-describedby=\"gallery-1-223\" \/><\/a>\n\t\t\t<\/dt>\n\t\t\t\t<dd class='wp-caption-text gallery-caption' id='gallery-1-223'>\n\t\t\t\tSaint-Suliac\n\t\t\t\t<\/dd><\/dl><br style=\"clear: both\" \/><dl class='gallery-item'>\n\t\t\t<dt class='gallery-icon landscape'>\n\t\t\t\t<a href='https:\/\/blogs.crespel.me\/bretagne\/wp-content\/uploads\/sites\/15\/2020\/09\/DSC02213-scaled.jpg'><img loading=\"lazy\" decoding=\"async\" width=\"150\" height=\"150\" src=\"https:\/\/blogs.crespel.me\/bretagne\/wp-content\/uploads\/sites\/15\/2020\/09\/DSC02213-150x150.jpg\" class=\"attachment-thumbnail size-thumbnail\" alt=\"\" aria-describedby=\"gallery-1-224\" \/><\/a>\n\t\t\t<\/dt>\n\t\t\t\t<dd class='wp-caption-text gallery-caption' id='gallery-1-224'>\n\t\t\t\tSaint-Suliac\n\t\t\t\t<\/dd><\/dl><dl class='gallery-item'>\n\t\t\t<dt class='gallery-icon landscape'>\n\t\t\t\t<a href='https:\/\/blogs.crespel.me\/bretagne\/wp-content\/uploads\/sites\/15\/2020\/09\/IMG_9322-scaled.jpg'><img loading=\"lazy\" decoding=\"async\" width=\"150\" height=\"150\" src=\"https:\/\/blogs.crespel.me\/bretagne\/wp-content\/uploads\/sites\/15\/2020\/09\/IMG_9322-150x150.jpg\" class=\"attachment-thumbnail size-thumbnail\" alt=\"\" aria-describedby=\"gallery-1-235\" \/><\/a>\n\t\t\t<\/dt>\n\t\t\t\t<dd class='wp-caption-text gallery-caption' id='gallery-1-235'>\n\t\t\t\tSaint-Suliac\n\t\t\t\t<\/dd><\/dl><dl class='gallery-item'>\n\t\t\t<dt class='gallery-icon portrait'>\n\t\t\t\t<a href='https:\/\/blogs.crespel.me\/bretagne\/wp-content\/uploads\/sites\/15\/2020\/09\/DSC02224-scaled.jpg'><img loading=\"lazy\" decoding=\"async\" width=\"150\" height=\"150\" src=\"https:\/\/blogs.crespel.me\/bretagne\/wp-content\/uploads\/sites\/15\/2020\/09\/DSC02224-150x150.jpg\" class=\"attachment-thumbnail size-thumbnail\" alt=\"\" aria-describedby=\"gallery-1-227\" \/><\/a>\n\t\t\t<\/dt>\n\t\t\t\t<dd class='wp-caption-text gallery-caption' id='gallery-1-227'>\n\t\t\t\tSaint-Suliac\n\t\t\t\t<\/dd><\/dl><br style=\"clear: both\" \/><dl class='gallery-item'>\n\t\t\t<dt class='gallery-icon portrait'>\n\t\t\t\t<a href='https:\/\/blogs.crespel.me\/bretagne\/wp-content\/uploads\/sites\/15\/2020\/09\/IMG_9316-2-scaled.jpg'><img loading=\"lazy\" decoding=\"async\" width=\"150\" height=\"150\" src=\"https:\/\/blogs.crespel.me\/bretagne\/wp-content\/uploads\/sites\/15\/2020\/09\/IMG_9316-2-150x150.jpg\" class=\"attachment-thumbnail size-thumbnail\" alt=\"\" aria-describedby=\"gallery-1-234\" \/><\/a>\n\t\t\t<\/dt>\n\t\t\t\t<dd class='wp-caption-text gallery-caption' id='gallery-1-234'>\n\t\t\t\tSaint-Suliac\n\t\t\t\t<\/dd><\/dl><dl class='gallery-item'>\n\t\t\t<dt class='gallery-icon landscape'>\n\t\t\t\t<a href='https:\/\/blogs.crespel.me\/bretagne\/wp-content\/uploads\/sites\/15\/2020\/09\/DSC02219-scaled.jpg'><img loading=\"lazy\" decoding=\"async\" width=\"150\" height=\"150\" src=\"https:\/\/blogs.crespel.me\/bretagne\/wp-content\/uploads\/sites\/15\/2020\/09\/DSC02219-150x150.jpg\" class=\"attachment-thumbnail size-thumbnail\" alt=\"\" aria-describedby=\"gallery-1-225\" \/><\/a>\n\t\t\t<\/dt>\n\t\t\t\t<dd class='wp-caption-text gallery-caption' id='gallery-1-225'>\n\t\t\t\tSaint-Suliac\n\t\t\t\t<\/dd><\/dl><dl class='gallery-item'>\n\t\t\t<dt class='gallery-icon landscape'>\n\t\t\t\t<a href='https:\/\/blogs.crespel.me\/bretagne\/wp-content\/uploads\/sites\/15\/2020\/09\/DSC02222-scaled.jpg'><img loading=\"lazy\" decoding=\"async\" width=\"150\" height=\"150\" src=\"https:\/\/blogs.crespel.me\/bretagne\/wp-content\/uploads\/sites\/15\/2020\/09\/DSC02222-150x150.jpg\" class=\"attachment-thumbnail size-thumbnail\" alt=\"\" aria-describedby=\"gallery-1-226\" \/><\/a>\n\t\t\t<\/dt>\n\t\t\t\t<dd class='wp-caption-text gallery-caption' id='gallery-1-226'>\n\t\t\t\tSaint-Suliac\n\t\t\t\t<\/dd><\/dl><br style=\"clear: both\" \/><dl class='gallery-item'>\n\t\t\t<dt class='gallery-icon landscape'>\n\t\t\t\t<a href='https:\/\/blogs.crespel.me\/bretagne\/wp-content\/uploads\/sites\/15\/2020\/09\/DSC02226-scaled.jpg'><img loading=\"lazy\" decoding=\"async\" width=\"150\" height=\"150\" src=\"https:\/\/blogs.crespel.me\/bretagne\/wp-content\/uploads\/sites\/15\/2020\/09\/DSC02226-150x150.jpg\" class=\"attachment-thumbnail size-thumbnail\" alt=\"\" aria-describedby=\"gallery-1-228\" \/><\/a>\n\t\t\t<\/dt>\n\t\t\t\t<dd class='wp-caption-text gallery-caption' id='gallery-1-228'>\n\t\t\t\tSaint-Suliac\n\t\t\t\t<\/dd><\/dl><dl class='gallery-item'>\n\t\t\t<dt class='gallery-icon landscape'>\n\t\t\t\t<a href='https:\/\/blogs.crespel.me\/bretagne\/wp-content\/uploads\/sites\/15\/2020\/09\/DSC02229-scaled.jpg'><img loading=\"lazy\" decoding=\"async\" width=\"150\" height=\"150\" src=\"https:\/\/blogs.crespel.me\/bretagne\/wp-content\/uploads\/sites\/15\/2020\/09\/DSC02229-150x150.jpg\" class=\"attachment-thumbnail size-thumbnail\" alt=\"\" aria-describedby=\"gallery-1-229\" \/><\/a>\n\t\t\t<\/dt>\n\t\t\t\t<dd class='wp-caption-text gallery-caption' id='gallery-1-229'>\n\t\t\t\tSaint-Suliac\n\t\t\t\t<\/dd><\/dl><dl class='gallery-item'>\n\t\t\t<dt class='gallery-icon landscape'>\n\t\t\t\t<a href='https:\/\/blogs.crespel.me\/bretagne\/wp-content\/uploads\/sites\/15\/2020\/09\/DSC02232-scaled.jpg'><img loading=\"lazy\" decoding=\"async\" width=\"150\" height=\"150\" src=\"https:\/\/blogs.crespel.me\/bretagne\/wp-content\/uploads\/sites\/15\/2020\/09\/DSC02232-150x150.jpg\" class=\"attachment-thumbnail size-thumbnail\" alt=\"\" aria-describedby=\"gallery-1-230\" \/><\/a>\n\t\t\t<\/dt>\n\t\t\t\t<dd class='wp-caption-text gallery-caption' id='gallery-1-230'>\n\t\t\t\tSaint-Suliac\n\t\t\t\t<\/dd><\/dl><br style=\"clear: both\" \/><dl class='gallery-item'>\n\t\t\t<dt class='gallery-icon landscape'>\n\t\t\t\t<a href='https:\/\/blogs.crespel.me\/bretagne\/wp-content\/uploads\/sites\/15\/2020\/09\/DSC02234-scaled.jpg'><img loading=\"lazy\" decoding=\"async\" width=\"150\" height=\"150\" src=\"https:\/\/blogs.crespel.me\/bretagne\/wp-content\/uploads\/sites\/15\/2020\/09\/DSC02234-150x150.jpg\" class=\"attachment-thumbnail size-thumbnail\" alt=\"\" aria-describedby=\"gallery-1-231\" \/><\/a>\n\t\t\t<\/dt>\n\t\t\t\t<dd class='wp-caption-text gallery-caption' id='gallery-1-231'>\n\t\t\t\tSaint-Suliac\n\t\t\t\t<\/dd><\/dl><dl class='gallery-item'>\n\t\t\t<dt class='gallery-icon landscape'>\n\t\t\t\t<a href='https:\/\/blogs.crespel.me\/bretagne\/wp-content\/uploads\/sites\/15\/2020\/09\/IMG_9307-scaled.jpg'><img loading=\"lazy\" decoding=\"async\" width=\"150\" height=\"150\" src=\"https:\/\/blogs.crespel.me\/bretagne\/wp-content\/uploads\/sites\/15\/2020\/09\/IMG_9307-150x150.jpg\" class=\"attachment-thumbnail size-thumbnail\" alt=\"\" aria-describedby=\"gallery-1-232\" \/><\/a>\n\t\t\t<\/dt>\n\t\t\t\t<dd class='wp-caption-text gallery-caption' id='gallery-1-232'>\n\t\t\t\tSaint-Suliac\n\t\t\t\t<\/dd><\/dl><dl class='gallery-item'>\n\t\t\t<dt class='gallery-icon portrait'>\n\t\t\t\t<a href='https:\/\/blogs.crespel.me\/bretagne\/wp-content\/uploads\/sites\/15\/2020\/09\/IMG_9311-scaled.jpg'><img loading=\"lazy\" decoding=\"async\" width=\"150\" height=\"150\" src=\"https:\/\/blogs.crespel.me\/bretagne\/wp-content\/uploads\/sites\/15\/2020\/09\/IMG_9311-150x150.jpg\" class=\"attachment-thumbnail size-thumbnail\" alt=\"\" aria-describedby=\"gallery-1-233\" \/><\/a>\n\t\t\t<\/dt>\n\t\t\t\t<dd class='wp-caption-text gallery-caption' id='gallery-1-233'>\n\t\t\t\tSaint-Suliac\n\t\t\t\t<\/dd><\/dl><br style=\"clear: both\" \/><dl class='gallery-item'>\n\t\t\t<dt class='gallery-icon landscape'>\n\t\t\t\t<a href='https:\/\/blogs.crespel.me\/bretagne\/wp-content\/uploads\/sites\/15\/2020\/09\/IMG_9327-scaled.jpg'><img loading=\"lazy\" decoding=\"async\" width=\"150\" height=\"150\" src=\"https:\/\/blogs.crespel.me\/bretagne\/wp-content\/uploads\/sites\/15\/2020\/09\/IMG_9327-150x150.jpg\" class=\"attachment-thumbnail size-thumbnail\" alt=\"\" aria-describedby=\"gallery-1-236\" \/><\/a>\n\t\t\t<\/dt>\n\t\t\t\t<dd class='wp-caption-text gallery-caption' id='gallery-1-236'>\n\t\t\t\tSaint-Suliac\n\t\t\t\t<\/dd><\/dl><dl class='gallery-item'>\n\t\t\t<dt class='gallery-icon landscape'>\n\t\t\t\t<a href='https:\/\/blogs.crespel.me\/bretagne\/wp-content\/uploads\/sites\/15\/2020\/09\/DSC02238-scaled.jpg'><img loading=\"lazy\" decoding=\"async\" width=\"150\" height=\"150\" src=\"https:\/\/blogs.crespel.me\/bretagne\/wp-content\/uploads\/sites\/15\/2020\/09\/DSC02238-150x150.jpg\" class=\"attachment-thumbnail size-thumbnail\" alt=\"\" aria-describedby=\"gallery-1-238\" \/><\/a>\n\t\t\t<\/dt>\n\t\t\t\t<dd class='wp-caption-text gallery-caption' id='gallery-1-238'>\n\t\t\t\tPointe du D\u00e9colle \u00e0 Saint-Lunaire\n\t\t\t\t<\/dd><\/dl><dl class='gallery-item'>\n\t\t\t<dt class='gallery-icon landscape'>\n\t\t\t\t<a href='https:\/\/blogs.crespel.me\/bretagne\/wp-content\/uploads\/sites\/15\/2020\/09\/DSC02239-2-scaled.jpg'><img loading=\"lazy\" decoding=\"async\" width=\"150\" height=\"150\" src=\"https:\/\/blogs.crespel.me\/bretagne\/wp-content\/uploads\/sites\/15\/2020\/09\/DSC02239-2-150x150.jpg\" class=\"attachment-thumbnail size-thumbnail\" alt=\"\" aria-describedby=\"gallery-1-239\" \/><\/a>\n\t\t\t<\/dt>\n\t\t\t\t<dd class='wp-caption-text gallery-caption' id='gallery-1-239'>\n\t\t\t\tPointe du D\u00e9colle \u00e0 Saint-Lunaire\n\t\t\t\t<\/dd><\/dl><br style=\"clear: both\" \/><dl class='gallery-item'>\n\t\t\t<dt class='gallery-icon landscape'>\n\t\t\t\t<a href='https:\/\/blogs.crespel.me\/bretagne\/wp-content\/uploads\/sites\/15\/2020\/09\/DSC02244-scaled.jpg'><img loading=\"lazy\" decoding=\"async\" width=\"150\" height=\"150\" src=\"https:\/\/blogs.crespel.me\/bretagne\/wp-content\/uploads\/sites\/15\/2020\/09\/DSC02244-150x150.jpg\" class=\"attachment-thumbnail size-thumbnail\" alt=\"\" aria-describedby=\"gallery-1-240\" \/><\/a>\n\t\t\t<\/dt>\n\t\t\t\t<dd class='wp-caption-text gallery-caption' id='gallery-1-240'>\n\t\t\t\tVue de la Pointe du D\u00e9colle \u00e0 Saint-Lunaire\n\t\t\t\t<\/dd><\/dl><dl class='gallery-item'>\n\t\t\t<dt class='gallery-icon landscape'>\n\t\t\t\t<a href='https:\/\/blogs.crespel.me\/bretagne\/wp-content\/uploads\/sites\/15\/2020\/09\/IMG_9343-scaled.jpg'><img loading=\"lazy\" decoding=\"async\" width=\"150\" height=\"150\" src=\"https:\/\/blogs.crespel.me\/bretagne\/wp-content\/uploads\/sites\/15\/2020\/09\/IMG_9343-150x150.jpg\" class=\"attachment-thumbnail size-thumbnail\" alt=\"\" aria-describedby=\"gallery-1-241\" \/><\/a>\n\t\t\t<\/dt>\n\t\t\t\t<dd class='wp-caption-text gallery-caption' id='gallery-1-241'>\n\t\t\t\tPointe du D\u00e9colle \u00e0 Saint-Lunaire\n\t\t\t\t<\/dd><\/dl><dl class='gallery-item'>\n\t\t\t<dt class='gallery-icon landscape'>\n\t\t\t\t<a href='https:\/\/blogs.crespel.me\/bretagne\/wp-content\/uploads\/sites\/15\/2020\/09\/DSC02256-scaled.jpg'><img loading=\"lazy\" decoding=\"async\" width=\"150\" height=\"150\" src=\"https:\/\/blogs.crespel.me\/bretagne\/wp-content\/uploads\/sites\/15\/2020\/09\/DSC02256-150x150.jpg\" class=\"attachment-thumbnail size-thumbnail\" alt=\"\" aria-describedby=\"gallery-1-242\" \/><\/a>\n\t\t\t<\/dt>\n\t\t\t\t<dd class='wp-caption-text gallery-caption' id='gallery-1-242'>\n\t\t\t\tSaint-Cast vu de la Pointe du Chevet\n\t\t\t\t<\/dd><\/dl><br style=\"clear: both\" \/><dl class='gallery-item'>\n\t\t\t<dt class='gallery-icon landscape'>\n\t\t\t\t<a href='https:\/\/blogs.crespel.me\/bretagne\/wp-content\/uploads\/sites\/15\/2020\/09\/DSC02257-scaled.jpg'><img loading=\"lazy\" decoding=\"async\" width=\"150\" height=\"150\" src=\"https:\/\/blogs.crespel.me\/bretagne\/wp-content\/uploads\/sites\/15\/2020\/09\/DSC02257-150x150.jpg\" class=\"attachment-thumbnail size-thumbnail\" alt=\"\" aria-describedby=\"gallery-1-243\" \/><\/a>\n\t\t\t<\/dt>\n\t\t\t\t<dd class='wp-caption-text gallery-caption' id='gallery-1-243'>\n\t\t\t\tPointe du Chevet \u00e0 Saint-Jacut-de-la-Mer\n\t\t\t\t<\/dd><\/dl><dl class='gallery-item'>\n\t\t\t<dt class='gallery-icon landscape'>\n\t\t\t\t<a href='https:\/\/blogs.crespel.me\/bretagne\/wp-content\/uploads\/sites\/15\/2020\/09\/DSC02261-scaled.jpg'><img loading=\"lazy\" decoding=\"async\" width=\"150\" height=\"150\" src=\"https:\/\/blogs.crespel.me\/bretagne\/wp-content\/uploads\/sites\/15\/2020\/09\/DSC02261-150x150.jpg\" class=\"attachment-thumbnail size-thumbnail\" alt=\"\" aria-describedby=\"gallery-1-244\" \/><\/a>\n\t\t\t<\/dt>\n\t\t\t\t<dd class='wp-caption-text gallery-caption' id='gallery-1-244'>\n\t\t\t\tPointe du Chevet \u00e0 Saint-Jacut-de-la-Mer\n\t\t\t\t<\/dd><\/dl><dl class='gallery-item'>\n\t\t\t<dt class='gallery-icon landscape'>\n\t\t\t\t<a href='https:\/\/blogs.crespel.me\/bretagne\/wp-content\/uploads\/sites\/15\/2020\/09\/DSC02263-scaled.jpg'><img loading=\"lazy\" decoding=\"async\" width=\"150\" height=\"150\" src=\"https:\/\/blogs.crespel.me\/bretagne\/wp-content\/uploads\/sites\/15\/2020\/09\/DSC02263-150x150.jpg\" class=\"attachment-thumbnail size-thumbnail\" alt=\"\" aria-describedby=\"gallery-1-245\" \/><\/a>\n\t\t\t<\/dt>\n\t\t\t\t<dd class='wp-caption-text gallery-caption' id='gallery-1-245'>\n\t\t\t\tTouriste \u00e0 la Pointe du Chevet\n\t\t\t\t<\/dd><\/dl><br style=\"clear: both\" \/><dl class='gallery-item'>\n\t\t\t<dt class='gallery-icon landscape'>\n\t\t\t\t<a href='https:\/\/blogs.crespel.me\/bretagne\/wp-content\/uploads\/sites\/15\/2020\/09\/DSC02269-scaled.jpg'><img loading=\"lazy\" decoding=\"async\" width=\"150\" height=\"150\" src=\"https:\/\/blogs.crespel.me\/bretagne\/wp-content\/uploads\/sites\/15\/2020\/09\/DSC02269-150x150.jpg\" class=\"attachment-thumbnail size-thumbnail\" alt=\"\" aria-describedby=\"gallery-1-246\" \/><\/a>\n\t\t\t<\/dt>\n\t\t\t\t<dd class='wp-caption-text gallery-caption' id='gallery-1-246'>\n\t\t\t\tPointe du Chevet \u00e0 Saint-Jacut-de-la-Mer\n\t\t\t\t<\/dd><\/dl><dl class='gallery-item'>\n\t\t\t<dt class='gallery-icon landscape'>\n\t\t\t\t<a href='https:\/\/blogs.crespel.me\/bretagne\/wp-content\/uploads\/sites\/15\/2020\/09\/IMG_9354-scaled.jpg'><img loading=\"lazy\" decoding=\"async\" width=\"150\" height=\"150\" src=\"https:\/\/blogs.crespel.me\/bretagne\/wp-content\/uploads\/sites\/15\/2020\/09\/IMG_9354-150x150.jpg\" class=\"attachment-thumbnail size-thumbnail\" alt=\"\" aria-describedby=\"gallery-1-247\" \/><\/a>\n\t\t\t<\/dt>\n\t\t\t\t<dd class='wp-caption-text gallery-caption' id='gallery-1-247'>\n\t\t\t\tPointe du Chevet \u00e0 Saint-Jacut-de-la-Mer\n\t\t\t\t<\/dd><\/dl><dl class='gallery-item'>\n\t\t\t<dt class='gallery-icon landscape'>\n\t\t\t\t<a href='https:\/\/blogs.crespel.me\/bretagne\/wp-content\/uploads\/sites\/15\/2020\/09\/DSC02275-scaled.jpg'><img loading=\"lazy\" decoding=\"async\" width=\"150\" height=\"150\" src=\"https:\/\/blogs.crespel.me\/bretagne\/wp-content\/uploads\/sites\/15\/2020\/09\/DSC02275-150x150.jpg\" class=\"attachment-thumbnail size-thumbnail\" alt=\"\" aria-describedby=\"gallery-1-248\" \/><\/a>\n\t\t\t<\/dt>\n\t\t\t\t<dd class='wp-caption-text gallery-caption' id='gallery-1-248'>\n\t\t\t\tCoucher de soleil \u00e0 Saint-Cast\n\t\t\t\t<\/dd><\/dl><br style=\"clear: both\" \/>\n\t\t<\/div>\n\n<p>&nbsp;<\/p>\n","protected":false},"excerpt":{"rendered":"<p>J05 boucle de 105km vers l&rsquo;Est, la Rance et les plages: jeudi 10 Septembre 2020. Le soleil se cache un peu et le bleu est moins pr\u00e9sent ce matin pour cette troisi\u00e8me boucle en sens anti-horaire vers le bas de l&rsquo;estuaire de la Rance. Passage oblig\u00e9 par Ploubalay puis \u00e0 D. la D2, et plus [&hellip;]<\/p>\n","protected":false},"author":2,"featured_media":218,"comment_status":"open","ping_status":"open","sticky":false,"template":"","format":"standard","meta":{"footnotes":""},"categories":[1],"tags":[],"class_list":["post-212","post","type-post","status-publish","format-standard","has-post-thumbnail","hentry","category-non-classe"],"_links":{"self":[{"href":"https:\/\/blogs.crespel.me\/bretagne\/wp-json\/wp\/v2\/posts\/212","targetHints":{"allow":["GET"]}}],"collection":[{"href":"https:\/\/blogs.crespel.me\/bretagne\/wp-json\/wp\/v2\/posts"}],"about":[{"href":"https:\/\/blogs.crespel.me\/bretagne\/wp-json\/wp\/v2\/types\/post"}],"author":[{"embeddable":true,"href":"https:\/\/blogs.crespel.me\/bretagne\/wp-json\/wp\/v2\/users\/2"}],"replies":[{"embeddable":true,"href":"https:\/\/blogs.crespel.me\/bretagne\/wp-json\/wp\/v2\/comments?post=212"}],"version-history":[{"count":16,"href":"https:\/\/blogs.crespel.me\/bretagne\/wp-json\/wp\/v2\/posts\/212\/revisions"}],"predecessor-version":[{"id":355,"href":"https:\/\/blogs.crespel.me\/bretagne\/wp-json\/wp\/v2\/posts\/212\/revisions\/355"}],"wp:featuredmedia":[{"embeddable":true,"href":"https:\/\/blogs.crespel.me\/bretagne\/wp-json\/wp\/v2\/media\/218"}],"wp:attachment":[{"href":"https:\/\/blogs.crespel.me\/bretagne\/wp-json\/wp\/v2\/media?parent=212"}],"wp:term":[{"taxonomy":"category","embeddable":true,"href":"https:\/\/blogs.crespel.me\/bretagne\/wp-json\/wp\/v2\/categories?post=212"},{"taxonomy":"post_tag","embeddable":true,"href":"https:\/\/blogs.crespel.me\/bretagne\/wp-json\/wp\/v2\/tags?post=212"}],"curies":[{"name":"wp","href":"https:\/\/api.w.org\/{rel}","templated":true}]}}